{"id":5811,"date":"2026-04-27T13:47:23","date_gmt":"2026-04-27T16:47:23","guid":{"rendered":"https:\/\/siavs.com.br\/?p=5811"},"modified":"2026-04-27T13:47:23","modified_gmt":"2026-04-27T16:47:23","slug":"ultimos-dias-inscricoes-para-o-merito-abpa-de-pesquisa-aplicavel-se-encerram-em-1o-de-maio","status":"publish","type":"post","link":"https:\/\/siavs.com.br\/es\/ultimos-dias-inscricoes-para-o-merito-abpa-de-pesquisa-aplicavel-se-encerram-em-1o-de-maio\/","title":{"rendered":"\u00daltimos dias: inscri\u00e7\u00f5es para o m\u00e9rito ABPA de pesquisa aplic\u00e1vel se encerram em 1\u00ba de maio"},"content":{"rendered":"<p><em>Prazo final se aproxima e ABPA refor\u00e7a chamada para pesquisadores participarem do reconhecimento no SIAVS 2026<\/em><\/p>\n<p>&nbsp;<\/p>\n<p><strong>S\u00e3o Paulo, 27 de abril de 2026 \u2013\u00a0<\/strong> Termina em 1\u00ba de maio o prazo para submiss\u00e3o de trabalhos no M\u00e9rito ABPA de Pesquisa Aplic\u00e1vel, reconhecimento cient\u00edfico promovido pela Associa\u00e7\u00e3o Brasileira de Prote\u00edna Animal (ABPA) durante o Sal\u00e3o Internacional de Prote\u00edna Animal (SIAVS 2026), que ser\u00e1 realizado entre 04 e 06 de agosto, no Distrito Anhembi, em S\u00e3o Paulo (SP).<\/p>\n<p>A iniciativa valoriza pesquisas com aplica\u00e7\u00e3o pr\u00e1tica direta na cadeia produtiva da prote\u00edna animal, estimulando solu\u00e7\u00f5es que gerem ganhos reais em efici\u00eancia, sustentabilidade, seguran\u00e7a sanit\u00e1ria e competitividade internacional da avicultura e da suinocultura brasileiras.<\/p>\n<p>O M\u00e9rito \u00e9 dividido em duas frentes estrat\u00e9gicas. A primeira \u00e9 dedicada \u00e0 Resist\u00eancia aos Antimicrobianos (RAM), reconhecendo pesquisas voltadas ao uso respons\u00e1vel de antimicrobianos e ao enfrentamento da resist\u00eancia microbiana \u2014 tema priorit\u00e1rio na agenda global e alinhado aos princ\u00edpios de One Health e \u00e0 campanha setorial \u201cUso Consciente, Futuro Respons\u00e1vel\u201d.\u00a0 A segunda trata de Grandes \u00c1reas, contempla estudos nas \u00e1reas de produ\u00e7\u00e3o, manejo e ambi\u00eancia; nutri\u00e7\u00e3o; tecnologia e processos; sanidade; sustentabilidade; e sa\u00fade p\u00fablica.<\/p>\n<p>Os trabalhos ser\u00e3o avaliados por especialistas com base em crit\u00e9rios como relev\u00e2ncia estrat\u00e9gica, inova\u00e7\u00e3o, consist\u00eancia metodol\u00f3gica, aplicabilidade pr\u00e1tica e potencial de impacto para o setor. Os selecionados ser\u00e3o apresentados durante o SIAVS 2026, ampliando sua visibilidade junto a lideran\u00e7as empresariais, autoridades sanit\u00e1rias e representantes do Brasil e do exterior.<\/p>\n<p>Al\u00e9m do reconhecimento t\u00e9cnico, o primeiro autor do trabalho vencedor de cada categoria participar\u00e1, com apoio da organiza\u00e7\u00e3o, de uma experi\u00eancia em uma das maiores feiras globais de alimentos, podendo escolher entre a SIAL Paris 2026 ou a Gulfood 2027, em Dubai.<\/p>\n<p>\u201cEstamos na reta final e este \u00e9 o momento decisivo para que pesquisadores submetam seus trabalhos. Queremos reconhecer e estimular solu\u00e7\u00f5es que possam ser aplicadas na pr\u00e1tica, fortalecendo a inova\u00e7\u00e3o e a competitividade da prote\u00edna animal brasileira\u201d, destaca Sula Alves, diretora t\u00e9cnica da ABPA e coordenadora da programa\u00e7\u00e3o do SIAVS..<\/p>\n<p>&nbsp;<\/p>\n<p>As inscri\u00e7\u00f5es devem ser realizadas pelo site oficial do evento: https:\/\/siavs.com.br\/trabalho-cientifico\/<\/p>\n<p>&nbsp;<\/p>","protected":false},"excerpt":{"rendered":"<p>Prazo final se aproxima e ABPA refor\u00e7a chamada para pesquisadores participarem do reconhecimento no SIAVS 2026 &nbsp; S\u00e3o Paulo, 27 de abril de 2026 \u2013\u00a0 Termina em 1\u00ba de maio o prazo para submiss\u00e3o de trabalhos no M\u00e9rito ABPA de Pesquisa Aplic\u00e1vel, reconhecimento cient\u00edfico promovido pela Associa\u00e7\u00e3o Brasileira de Prote\u00edna Animal (ABPA) durante o Sal\u00e3o [&hellip;]<\/p>\n","protected":false},"author":4,"featured_media":5812,"comment_status":"open","ping_status":"open","sticky":false,"template":"","format":"standard","meta":{"footnotes":""},"categories":[78],"tags":[],"yoast_head":"<!-- This site is optimized with the Yoast SEO plugin v22.5 - https:\/\/yoast.com\/wordpress\/plugins\/seo\/ -->\n<title>\u00daltimos dias: inscri\u00e7\u00f5es para o m\u00e9rito ABPA de pesquisa aplic\u00e1vel se encerram em 1\u00ba de maio - SIAVS<\/title>\n<meta name=\"robots\" content=\"index, follow, max-snippet:-1, max-image-preview:large, max-video-preview:-1\" \/>\n<link rel=\"canonical\" href=\"https:\/\/siavs.com.br\/es\/ultimos-dias-inscricoes-para-o-merito-abpa-de-pesquisa-aplicavel-se-encerram-em-1o-de-maio\/\" \/>\n<meta property=\"og:locale\" content=\"es_ES\" \/>\n<meta property=\"og:type\" content=\"article\" \/>\n<meta property=\"og:title\" content=\"\u00daltimos dias: inscri\u00e7\u00f5es para o m\u00e9rito ABPA de pesquisa aplic\u00e1vel se encerram em 1\u00ba de maio - SIAVS\" \/>\n<meta property=\"og:description\" content=\"Prazo final se aproxima e ABPA refor\u00e7a chamada para pesquisadores participarem do reconhecimento no SIAVS 2026 &nbsp; S\u00e3o Paulo, 27 de abril de 2026 \u2013\u00a0 Termina em 1\u00ba de maio o prazo para submiss\u00e3o de trabalhos no M\u00e9rito ABPA de Pesquisa Aplic\u00e1vel, reconhecimento cient\u00edfico promovido pela Associa\u00e7\u00e3o Brasileira de Prote\u00edna Animal (ABPA) durante o Sal\u00e3o [&hellip;]\" \/>\n<meta property=\"og:url\" content=\"https:\/\/siavs.com.br\/es\/ultimos-dias-inscricoes-para-o-merito-abpa-de-pesquisa-aplicavel-se-encerram-em-1o-de-maio\/\" \/>\n<meta property=\"og:site_name\" content=\"SIAVS\" \/>\n<meta property=\"article:publisher\" content=\"https:\/\/www.linkedin.com\/company\/siavs\/\" \/>\n<meta property=\"article:published_time\" content=\"2026-04-27T16:47:23+00:00\" \/>\n<meta property=\"og:image\" content=\"https:\/\/siavs.com.br\/wp-content\/uploads\/2026\/04\/20260421_135100-scaled.jpg\" \/>\n\t<meta property=\"og:image:width\" content=\"2560\" \/>\n\t<meta property=\"og:image:height\" content=\"1441\" \/>\n\t<meta property=\"og:image:type\" content=\"image\/jpeg\" \/>\n<meta name=\"author\" content=\"amanda.gomes\" \/>\n<meta name=\"twitter:card\" content=\"summary_large_image\" \/>\n<meta name=\"twitter:creator\" content=\"@Siavsbr\" \/>\n<meta name=\"twitter:site\" content=\"@Siavsbr\" \/>\n<meta name=\"twitter:label1\" content=\"Escrito por\" \/>\n\t<meta name=\"twitter:data1\" content=\"amanda.gomes\" \/>\n\t<meta name=\"twitter:label2\" content=\"Tiempo de lectura\" \/>\n\t<meta name=\"twitter:data2\" content=\"3 minutos\" \/>\n<script type=\"application\/ld+json\" class=\"yoast-schema-graph\">{\"@context\":\"https:\/\/schema.org\",\"@graph\":[{\"@type\":\"Article\",\"@id\":\"https:\/\/siavs.com.br\/ultimos-dias-inscricoes-para-o-merito-abpa-de-pesquisa-aplicavel-se-encerram-em-1o-de-maio\/#article\",\"isPartOf\":{\"@id\":\"https:\/\/siavs.com.br\/ultimos-dias-inscricoes-para-o-merito-abpa-de-pesquisa-aplicavel-se-encerram-em-1o-de-maio\/\"},\"author\":{\"name\":\"amanda.gomes\",\"@id\":\"https:\/\/siavs.com.br\/#\/schema\/person\/6f4a0972346d708cbc7b498fecc0d918\"},\"headline\":\"\u00daltimos dias: inscri\u00e7\u00f5es para o m\u00e9rito ABPA de pesquisa aplic\u00e1vel se encerram em 1\u00ba de maio\",\"datePublished\":\"2026-04-27T16:47:23+00:00\",\"dateModified\":\"2026-04-27T16:47:23+00:00\",\"mainEntityOfPage\":{\"@id\":\"https:\/\/siavs.com.br\/ultimos-dias-inscricoes-para-o-merito-abpa-de-pesquisa-aplicavel-se-encerram-em-1o-de-maio\/\"},\"wordCount\":399,\"commentCount\":0,\"publisher\":{\"@id\":\"https:\/\/siavs.com.br\/#organization\"},\"image\":{\"@id\":\"https:\/\/siavs.com.br\/ultimos-dias-inscricoes-para-o-merito-abpa-de-pesquisa-aplicavel-se-encerram-em-1o-de-maio\/#primaryimage\"},\"thumbnailUrl\":\"https:\/\/siavs.com.br\/wp-content\/uploads\/2026\/04\/20260421_135100-scaled.jpg\",\"articleSection\":[\"SIAVS 2026\"],\"inLanguage\":\"es\",\"potentialAction\":[{\"@type\":\"CommentAction\",\"name\":\"Comment\",\"target\":[\"https:\/\/siavs.com.br\/ultimos-dias-inscricoes-para-o-merito-abpa-de-pesquisa-aplicavel-se-encerram-em-1o-de-maio\/#respond\"]}]},{\"@type\":\"WebPage\",\"@id\":\"https:\/\/siavs.com.br\/ultimos-dias-inscricoes-para-o-merito-abpa-de-pesquisa-aplicavel-se-encerram-em-1o-de-maio\/\",\"url\":\"https:\/\/siavs.com.br\/ultimos-dias-inscricoes-para-o-merito-abpa-de-pesquisa-aplicavel-se-encerram-em-1o-de-maio\/\",\"name\":\"\u00daltimos dias: inscri\u00e7\u00f5es para o m\u00e9rito ABPA de pesquisa aplic\u00e1vel se encerram em 1\u00ba de maio - SIAVS\",\"isPartOf\":{\"@id\":\"https:\/\/siavs.com.br\/#website\"},\"primaryImageOfPage\":{\"@id\":\"https:\/\/siavs.com.br\/ultimos-dias-inscricoes-para-o-merito-abpa-de-pesquisa-aplicavel-se-encerram-em-1o-de-maio\/#primaryimage\"},\"image\":{\"@id\":\"https:\/\/siavs.com.br\/ultimos-dias-inscricoes-para-o-merito-abpa-de-pesquisa-aplicavel-se-encerram-em-1o-de-maio\/#primaryimage\"},\"thumbnailUrl\":\"https:\/\/siavs.com.br\/wp-content\/uploads\/2026\/04\/20260421_135100-scaled.jpg\",\"datePublished\":\"2026-04-27T16:47:23+00:00\",\"dateModified\":\"2026-04-27T16:47:23+00:00\",\"breadcrumb\":{\"@id\":\"https:\/\/siavs.com.br\/ultimos-dias-inscricoes-para-o-merito-abpa-de-pesquisa-aplicavel-se-encerram-em-1o-de-maio\/#breadcrumb\"},\"inLanguage\":\"es\",\"potentialAction\":[{\"@type\":\"ReadAction\",\"target\":[\"https:\/\/siavs.com.br\/ultimos-dias-inscricoes-para-o-merito-abpa-de-pesquisa-aplicavel-se-encerram-em-1o-de-maio\/\"]}]},{\"@type\":\"ImageObject\",\"inLanguage\":\"es\",\"@id\":\"https:\/\/siavs.com.br\/ultimos-dias-inscricoes-para-o-merito-abpa-de-pesquisa-aplicavel-se-encerram-em-1o-de-maio\/#primaryimage\",\"url\":\"https:\/\/siavs.com.br\/wp-content\/uploads\/2026\/04\/20260421_135100-scaled.jpg\",\"contentUrl\":\"https:\/\/siavs.com.br\/wp-content\/uploads\/2026\/04\/20260421_135100-scaled.jpg\",\"width\":2560,\"height\":1441},{\"@type\":\"BreadcrumbList\",\"@id\":\"https:\/\/siavs.com.br\/ultimos-dias-inscricoes-para-o-merito-abpa-de-pesquisa-aplicavel-se-encerram-em-1o-de-maio\/#breadcrumb\",\"itemListElement\":[{\"@type\":\"ListItem\",\"position\":1,\"name\":\"In\u00edcio\",\"item\":\"https:\/\/siavs.com.br\/\"},{\"@type\":\"ListItem\",\"position\":2,\"name\":\"\u00daltimos dias: inscri\u00e7\u00f5es para o m\u00e9rito ABPA de pesquisa aplic\u00e1vel se encerram em 1\u00ba de maio\"}]},{\"@type\":\"WebSite\",\"@id\":\"https:\/\/siavs.com.br\/#website\",\"url\":\"https:\/\/siavs.com.br\/\",\"name\":\"SIAVS\",\"description\":\"\",\"publisher\":{\"@id\":\"https:\/\/siavs.com.br\/#organization\"},\"potentialAction\":[{\"@type\":\"SearchAction\",\"target\":{\"@type\":\"EntryPoint\",\"urlTemplate\":\"https:\/\/siavs.com.br\/?s={search_term_string}\"},\"query-input\":\"required name=search_term_string\"}],\"inLanguage\":\"es\"},{\"@type\":\"Organization\",\"@id\":\"https:\/\/siavs.com.br\/#organization\",\"name\":\"SIAVS\",\"url\":\"https:\/\/siavs.com.br\/\",\"logo\":{\"@type\":\"ImageObject\",\"inLanguage\":\"es\",\"@id\":\"https:\/\/siavs.com.br\/#\/schema\/logo\/image\/\",\"url\":\"https:\/\/siavs.com.br\/wp-content\/uploads\/2024\/01\/logo-siavs-v.svg\",\"contentUrl\":\"https:\/\/siavs.com.br\/wp-content\/uploads\/2024\/01\/logo-siavs-v.svg\",\"width\":500,\"height\":600,\"caption\":\"SIAVS\"},\"image\":{\"@id\":\"https:\/\/siavs.com.br\/#\/schema\/logo\/image\/\"},\"sameAs\":[\"https:\/\/www.linkedin.com\/company\/siavs\/\",\"https:\/\/x.com\/Siavsbr\",\"https:\/\/www.instagram.com\/siavsbr\/\"]},{\"@type\":\"Person\",\"@id\":\"https:\/\/siavs.com.br\/#\/schema\/person\/6f4a0972346d708cbc7b498fecc0d918\",\"name\":\"amanda.gomes\",\"image\":{\"@type\":\"ImageObject\",\"inLanguage\":\"es\",\"@id\":\"https:\/\/siavs.com.br\/#\/schema\/person\/image\/\",\"url\":\"https:\/\/secure.gravatar.com\/avatar\/6abe86c0e95c472c43f916ce3e6112df?s=96&d=mm&r=g\",\"contentUrl\":\"https:\/\/secure.gravatar.com\/avatar\/6abe86c0e95c472c43f916ce3e6112df?s=96&d=mm&r=g\",\"caption\":\"amanda.gomes\"},\"url\":\"https:\/\/siavs.com.br\/es\/author\/amanda-gomes\/\"}]}<\/script>\n<!-- \/ Yoast SEO plugin. -->","yoast_head_json":{"title":"\u00daltimos dias: inscri\u00e7\u00f5es para o m\u00e9rito ABPA de pesquisa aplic\u00e1vel se encerram em 1\u00ba de maio - SIAVS","robots":{"index":"index","follow":"follow","max-snippet":"max-snippet:-1","max-image-preview":"max-image-preview:large","max-video-preview":"max-video-preview:-1"},"canonical":"https:\/\/siavs.com.br\/es\/ultimos-dias-inscricoes-para-o-merito-abpa-de-pesquisa-aplicavel-se-encerram-em-1o-de-maio\/","og_locale":"es_ES","og_type":"article","og_title":"\u00daltimos dias: inscri\u00e7\u00f5es para o m\u00e9rito ABPA de pesquisa aplic\u00e1vel se encerram em 1\u00ba de maio - SIAVS","og_description":"Prazo final se aproxima e ABPA refor\u00e7a chamada para pesquisadores participarem do reconhecimento no SIAVS 2026 &nbsp; S\u00e3o Paulo, 27 de abril de 2026 \u2013\u00a0 Termina em 1\u00ba de maio o prazo para submiss\u00e3o de trabalhos no M\u00e9rito ABPA de Pesquisa Aplic\u00e1vel, reconhecimento cient\u00edfico promovido pela Associa\u00e7\u00e3o Brasileira de Prote\u00edna Animal (ABPA) durante o Sal\u00e3o [&hellip;]","og_url":"https:\/\/siavs.com.br\/es\/ultimos-dias-inscricoes-para-o-merito-abpa-de-pesquisa-aplicavel-se-encerram-em-1o-de-maio\/","og_site_name":"SIAVS","article_publisher":"https:\/\/www.linkedin.com\/company\/siavs\/","article_published_time":"2026-04-27T16:47:23+00:00","og_image":[{"width":2560,"height":1441,"url":"https:\/\/siavs.com.br\/wp-content\/uploads\/2026\/04\/20260421_135100-scaled.jpg","type":"image\/jpeg"}],"author":"amanda.gomes","twitter_card":"summary_large_image","twitter_creator":"@Siavsbr","twitter_site":"@Siavsbr","twitter_misc":{"Escrito por":"amanda.gomes","Tiempo de lectura":"3 minutos"},"schema":{"@context":"https:\/\/schema.org","@graph":[{"@type":"Article","@id":"https:\/\/siavs.com.br\/ultimos-dias-inscricoes-para-o-merito-abpa-de-pesquisa-aplicavel-se-encerram-em-1o-de-maio\/#article","isPartOf":{"@id":"https:\/\/siavs.com.br\/ultimos-dias-inscricoes-para-o-merito-abpa-de-pesquisa-aplicavel-se-encerram-em-1o-de-maio\/"},"author":{"name":"amanda.gomes","@id":"https:\/\/siavs.com.br\/#\/schema\/person\/6f4a0972346d708cbc7b498fecc0d918"},"headline":"\u00daltimos dias: inscri\u00e7\u00f5es para o m\u00e9rito ABPA de pesquisa aplic\u00e1vel se encerram em 1\u00ba de maio","datePublished":"2026-04-27T16:47:23+00:00","dateModified":"2026-04-27T16:47:23+00:00","mainEntityOfPage":{"@id":"https:\/\/siavs.com.br\/ultimos-dias-inscricoes-para-o-merito-abpa-de-pesquisa-aplicavel-se-encerram-em-1o-de-maio\/"},"wordCount":399,"commentCount":0,"publisher":{"@id":"https:\/\/siavs.com.br\/#organization"},"image":{"@id":"https:\/\/siavs.com.br\/ultimos-dias-inscricoes-para-o-merito-abpa-de-pesquisa-aplicavel-se-encerram-em-1o-de-maio\/#primaryimage"},"thumbnailUrl":"https:\/\/siavs.com.br\/wp-content\/uploads\/2026\/04\/20260421_135100-scaled.jpg","articleSection":["SIAVS 2026"],"inLanguage":"es","potentialAction":[{"@type":"CommentAction","name":"Comment","target":["https:\/\/siavs.com.br\/ultimos-dias-inscricoes-para-o-merito-abpa-de-pesquisa-aplicavel-se-encerram-em-1o-de-maio\/#respond"]}]},{"@type":"WebPage","@id":"https:\/\/siavs.com.br\/ultimos-dias-inscricoes-para-o-merito-abpa-de-pesquisa-aplicavel-se-encerram-em-1o-de-maio\/","url":"https:\/\/siavs.com.br\/ultimos-dias-inscricoes-para-o-merito-abpa-de-pesquisa-aplicavel-se-encerram-em-1o-de-maio\/","name":"\u00daltimos dias: inscri\u00e7\u00f5es para o m\u00e9rito ABPA de pesquisa aplic\u00e1vel se encerram em 1\u00ba de maio - SIAVS","isPartOf":{"@id":"https:\/\/siavs.com.br\/#website"},"primaryImageOfPage":{"@id":"https:\/\/siavs.com.br\/ultimos-dias-inscricoes-para-o-merito-abpa-de-pesquisa-aplicavel-se-encerram-em-1o-de-maio\/#primaryimage"},"image":{"@id":"https:\/\/siavs.com.br\/ultimos-dias-inscricoes-para-o-merito-abpa-de-pesquisa-aplicavel-se-encerram-em-1o-de-maio\/#primaryimage"},"thumbnailUrl":"https:\/\/siavs.com.br\/wp-content\/uploads\/2026\/04\/20260421_135100-scaled.jpg","datePublished":"2026-04-27T16:47:23+00:00","dateModified":"2026-04-27T16:47:23+00:00","breadcrumb":{"@id":"https:\/\/siavs.com.br\/ultimos-dias-inscricoes-para-o-merito-abpa-de-pesquisa-aplicavel-se-encerram-em-1o-de-maio\/#breadcrumb"},"inLanguage":"es","potentialAction":[{"@type":"ReadAction","target":["https:\/\/siavs.com.br\/ultimos-dias-inscricoes-para-o-merito-abpa-de-pesquisa-aplicavel-se-encerram-em-1o-de-maio\/"]}]},{"@type":"ImageObject","inLanguage":"es","@id":"https:\/\/siavs.com.br\/ultimos-dias-inscricoes-para-o-merito-abpa-de-pesquisa-aplicavel-se-encerram-em-1o-de-maio\/#primaryimage","url":"https:\/\/siavs.com.br\/wp-content\/uploads\/2026\/04\/20260421_135100-scaled.jpg","contentUrl":"https:\/\/siavs.com.br\/wp-content\/uploads\/2026\/04\/20260421_135100-scaled.jpg","width":2560,"height":1441},{"@type":"BreadcrumbList","@id":"https:\/\/siavs.com.br\/ultimos-dias-inscricoes-para-o-merito-abpa-de-pesquisa-aplicavel-se-encerram-em-1o-de-maio\/#breadcrumb","itemListElement":[{"@type":"ListItem","position":1,"name":"In\u00edcio","item":"https:\/\/siavs.com.br\/"},{"@type":"ListItem","position":2,"name":"\u00daltimos dias: inscri\u00e7\u00f5es para o m\u00e9rito ABPA de pesquisa aplic\u00e1vel se encerram em 1\u00ba de maio"}]},{"@type":"WebSite","@id":"https:\/\/siavs.com.br\/#website","url":"https:\/\/siavs.com.br\/","name":"SIAVS","description":"","publisher":{"@id":"https:\/\/siavs.com.br\/#organization"},"potentialAction":[{"@type":"SearchAction","target":{"@type":"EntryPoint","urlTemplate":"https:\/\/siavs.com.br\/?s={search_term_string}"},"query-input":"required name=search_term_string"}],"inLanguage":"es"},{"@type":"Organization","@id":"https:\/\/siavs.com.br\/#organization","name":"SIAVS","url":"https:\/\/siavs.com.br\/","logo":{"@type":"ImageObject","inLanguage":"es","@id":"https:\/\/siavs.com.br\/#\/schema\/logo\/image\/","url":"https:\/\/siavs.com.br\/wp-content\/uploads\/2024\/01\/logo-siavs-v.svg","contentUrl":"https:\/\/siavs.com.br\/wp-content\/uploads\/2024\/01\/logo-siavs-v.svg","width":500,"height":600,"caption":"SIAVS"},"image":{"@id":"https:\/\/siavs.com.br\/#\/schema\/logo\/image\/"},"sameAs":["https:\/\/www.linkedin.com\/company\/siavs\/","https:\/\/x.com\/Siavsbr","https:\/\/www.instagram.com\/siavsbr\/"]},{"@type":"Person","@id":"https:\/\/siavs.com.br\/#\/schema\/person\/6f4a0972346d708cbc7b498fecc0d918","name":"amanda.gomes","image":{"@type":"ImageObject","inLanguage":"es","@id":"https:\/\/siavs.com.br\/#\/schema\/person\/image\/","url":"https:\/\/secure.gravatar.com\/avatar\/6abe86c0e95c472c43f916ce3e6112df?s=96&d=mm&r=g","contentUrl":"https:\/\/secure.gravatar.com\/avatar\/6abe86c0e95c472c43f916ce3e6112df?s=96&d=mm&r=g","caption":"amanda.gomes"},"url":"https:\/\/siavs.com.br\/es\/author\/amanda-gomes\/"}]}},"_links":{"self":[{"href":"https:\/\/siavs.com.br\/es\/wp-json\/wp\/v2\/posts\/5811"}],"collection":[{"href":"https:\/\/siavs.com.br\/es\/wp-json\/wp\/v2\/posts"}],"about":[{"href":"https:\/\/siavs.com.br\/es\/wp-json\/wp\/v2\/types\/post"}],"author":[{"embeddable":true,"href":"https:\/\/siavs.com.br\/es\/wp-json\/wp\/v2\/users\/4"}],"replies":[{"embeddable":true,"href":"https:\/\/siavs.com.br\/es\/wp-json\/wp\/v2\/comments?post=5811"}],"version-history":[{"count":1,"href":"https:\/\/siavs.com.br\/es\/wp-json\/wp\/v2\/posts\/5811\/revisions"}],"predecessor-version":[{"id":5813,"href":"https:\/\/siavs.com.br\/es\/wp-json\/wp\/v2\/posts\/5811\/revisions\/5813"}],"wp:featuredmedia":[{"embeddable":true,"href":"https:\/\/siavs.com.br\/es\/wp-json\/wp\/v2\/media\/5812"}],"wp:attachment":[{"href":"https:\/\/siavs.com.br\/es\/wp-json\/wp\/v2\/media?parent=5811"}],"wp:term":[{"taxonomy":"category","embeddable":true,"href":"https:\/\/siavs.com.br\/es\/wp-json\/wp\/v2\/categories?post=5811"},{"taxonomy":"post_tag","embeddable":true,"href":"https:\/\/siavs.com.br\/es\/wp-json\/wp\/v2\/tags?post=5811"}],"curies":[{"name":"p\u00e1gina principal","href":"https:\/\/api.w.org\/{rel}","templated":true}]}}