{"id":5598,"date":"2026-04-30T09:00:50","date_gmt":"2026-04-30T12:00:50","guid":{"rendered":"https:\/\/siavs.com.br\/?p=5598"},"modified":"2026-04-16T15:33:39","modified_gmt":"2026-04-16T18:33:39","slug":"decenas-de-empresas-de-salud-animal-estaran-en-el-siavs-2026","status":"publish","type":"post","link":"https:\/\/siavs.com.br\/es\/dezenas-de-empresas-de-saude-animal-estarao-no-siavs-2026\/","title":{"rendered":"Decenas de empresas de salud animal estar\u00e1n en el SIAVS 2026"},"content":{"rendered":"<p><em>Segmento re\u00fane solu\u00e7\u00f5es para preven\u00e7\u00e3o, controle e gest\u00e3o sanit\u00e1ria na produ\u00e7\u00e3o de prote\u00edna animal<\/em><\/p>\n<p><strong>S\u00e3o Paulo, 30 de abril de 2026 \u2013 <\/strong>Con la preservaci\u00f3n del estatus sanitario sectorial en el centro de las decisiones productivas y comerciales, el Sal\u00f3n Internacional de Prote\u00edna Animal (SIAVS 2026) reunir\u00e1 a casi 30 empresas de salud animal en su mayor edici\u00f3n, que se llevar\u00e1 a cabo del 4 al 6 de agosto, en el Distrito Anhembi, en S\u00e3o Paulo (SP). El evento presentar\u00e1 soluciones orientadas a la prevenci\u00f3n, control y gesti\u00f3n sanitaria, con un impacto directo en la competitividad y el acceso a mercados internacionales.<\/p>\n<p>Las empresas participantes incluyen fabricantes de vacunas, medicamentos veterinarios, soluciones para bioseguridad, diagn\u00f3sticos y monitoreo sanitario. Con actuaci\u00f3n nacional e internacional, el grupo presentar\u00e1 tecnolog\u00edas aplicadas a la producci\u00f3n de aves, cerdos, bovinos y otras prote\u00ednas.<\/p>\n<p>En el ambiente del SIAVS, estas soluciones estar\u00e1n directamente conectadas a las demandas de la producci\u00f3n y del mercado. Nuevas tecnolog\u00edas, protocolos sanitarios, control de enfermedades y gesti\u00f3n de riesgos son factores determinantes para la continuidad productiva.<\/p>\n<p>Entre las tecnolog\u00edas destacadas se encuentran herramientas de diagn\u00f3stico r\u00e1pido, programas de bioseguridad, soluciones para el monitoreo epidemiol\u00f3gico y estrategias orientadas a la reducci\u00f3n de riesgos sanitarios a lo largo de la cadena productiva.<\/p>\n<p>La presencia de este conjunto de empresas ampl\u00eda el alcance t\u00e9cnico del evento y fortalece la integraci\u00f3n entre los diferentes eslabones de la cadena. En el mismo ambiente, productores, agroindustrias y proveedores de soluciones sanitarias interact\u00faan de forma directa, con enfoque en la aplicaci\u00f3n pr\u00e1ctica y en la toma de decisiones.<\/p>\n<p>\u201cLa sanidad es un factor determinante para la competitividad del sector. El SIAVS re\u00fane las soluciones y los agentes implicados en este proceso, permitiendo una conexi\u00f3n directa entre tecnolog\u00eda, producci\u00f3n y mercado\u201d, destaca el presidente de la ABPA, Ricardo Santin.<\/p>\n<p>Adem\u00e1s de la feria, el evento contar\u00e1 con programaci\u00f3n t\u00e9cnica que incluye temas relacionados con la bioseguridad, la prevenci\u00f3n de enfermedades y las exigencias sanitarias de los mercados internacionales.<\/p>\n<p>O SIAVS 2026 ocupar\u00e1 45 mil metros cuadrados, crecimiento de 65% en relaci\u00f3n a la edici\u00f3n anterior, y deber\u00e1 reunir cientos de empresas expositoras y visitantes de m\u00e1s de 60 pa\u00edses.<\/p>\n<p>M\u00e1s informaci\u00f3n en <a href=\"https:\/\/siavs.com.br\/es\/\">www.siavs.com.br<\/a>.<\/p>\n<p><strong>AGENDA:<br \/>\n<\/strong>Sal\u00f3n Internacional de Prote\u00edna Animal \u2013 SIAVS<br \/>\nDatos: 4 al 6 de agosto de 2026<br \/>\nLocal: Distrito Anhembi \u2013 S\u00e3o Paulo \u2013 Brasil \u2013 Av. Olavo Fontoura, 1209<br \/>\nHorario de la feria: 10:00 a 19:00 (d\u00edas 04 y 05) y 10:00 a 17:00 (d\u00eda 06)<\/p>","protected":false},"excerpt":{"rendered":"<p>Segmento re\u00fane solu\u00e7\u00f5es para preven\u00e7\u00e3o, controle e gest\u00e3o sanit\u00e1ria na produ\u00e7\u00e3o de prote\u00edna animal S\u00e3o Paulo, 30 de abril de 2026 \u2013 Com a preserva\u00e7\u00e3o do status sanit\u00e1rio setorial no centro das decis\u00f5es produtivas e comerciais, o Sal\u00e3o Internacional de Prote\u00edna Animal (SIAVS 2026) reunir\u00e1 quase 30 empresas de sa\u00fade animal em sua maior edi\u00e7\u00e3o, [&hellip;]<\/p>\n","protected":false},"author":4,"featured_media":4689,"comment_status":"open","ping_status":"open","sticky":false,"template":"","format":"standard","meta":{"footnotes":""},"categories":[78],"tags":[],"yoast_head":"<!-- This site is optimized with the Yoast SEO plugin v22.5 - https:\/\/yoast.com\/wordpress\/plugins\/seo\/ -->\n<title>Dezenas de empresas de sa\u00fade animal estar\u00e3o no SIAVS 2026 - SIAVS<\/title>\n<meta name=\"robots\" content=\"index, follow, max-snippet:-1, max-image-preview:large, max-video-preview:-1\" \/>\n<link rel=\"canonical\" href=\"https:\/\/siavs.com.br\/es\/decenas-de-empresas-de-salud-animal-estaran-en-el-siavs-2026\/\" \/>\n<meta property=\"og:locale\" content=\"es_ES\" \/>\n<meta property=\"og:type\" content=\"article\" \/>\n<meta property=\"og:title\" content=\"Dezenas de empresas de sa\u00fade animal estar\u00e3o no SIAVS 2026 - SIAVS\" \/>\n<meta property=\"og:description\" content=\"Segmento re\u00fane solu\u00e7\u00f5es para preven\u00e7\u00e3o, controle e gest\u00e3o sanit\u00e1ria na produ\u00e7\u00e3o de prote\u00edna animal S\u00e3o Paulo, 30 de abril de 2026 \u2013 Com a preserva\u00e7\u00e3o do status sanit\u00e1rio setorial no centro das decis\u00f5es produtivas e comerciais, o Sal\u00e3o Internacional de Prote\u00edna Animal (SIAVS 2026) reunir\u00e1 quase 30 empresas de sa\u00fade animal em sua maior edi\u00e7\u00e3o, [&hellip;]\" \/>\n<meta property=\"og:url\" content=\"https:\/\/siavs.com.br\/es\/decenas-de-empresas-de-salud-animal-estaran-en-el-siavs-2026\/\" \/>\n<meta property=\"og:site_name\" content=\"SIAVS\" \/>\n<meta property=\"article:publisher\" content=\"https:\/\/www.linkedin.com\/company\/siavs\/\" \/>\n<meta property=\"article:published_time\" content=\"2026-04-30T12:00:50+00:00\" \/>\n<meta property=\"article:modified_time\" content=\"2026-04-16T18:33:39+00:00\" \/>\n<meta property=\"og:image\" content=\"https:\/\/siavs.com.br\/wp-content\/uploads\/2025\/04\/2022-Feira-1-scaled.jpg\" \/>\n\t<meta property=\"og:image:width\" content=\"2560\" \/>\n\t<meta property=\"og:image:height\" content=\"1707\" \/>\n\t<meta property=\"og:image:type\" content=\"image\/jpeg\" \/>\n<meta name=\"author\" content=\"amanda.gomes\" \/>\n<meta name=\"twitter:card\" content=\"summary_large_image\" \/>\n<meta name=\"twitter:creator\" content=\"@Siavsbr\" \/>\n<meta name=\"twitter:site\" content=\"@Siavsbr\" \/>\n<meta name=\"twitter:label1\" content=\"Escrito por\" \/>\n\t<meta name=\"twitter:data1\" content=\"amanda.gomes\" \/>\n\t<meta name=\"twitter:label2\" content=\"Tiempo de lectura\" \/>\n\t<meta name=\"twitter:data2\" content=\"3 minutos\" \/>\n<script type=\"application\/ld+json\" class=\"yoast-schema-graph\">{\"@context\":\"https:\/\/schema.org\",\"@graph\":[{\"@type\":\"Article\",\"@id\":\"https:\/\/siavs.com.br\/dezenas-de-empresas-de-saude-animal-estarao-no-siavs-2026\/#article\",\"isPartOf\":{\"@id\":\"https:\/\/siavs.com.br\/dezenas-de-empresas-de-saude-animal-estarao-no-siavs-2026\/\"},\"author\":{\"name\":\"amanda.gomes\",\"@id\":\"https:\/\/siavs.com.br\/#\/schema\/person\/6f4a0972346d708cbc7b498fecc0d918\"},\"headline\":\"Dezenas de empresas de sa\u00fade animal estar\u00e3o no SIAVS 2026\",\"datePublished\":\"2026-04-30T12:00:50+00:00\",\"dateModified\":\"2026-04-16T18:33:39+00:00\",\"mainEntityOfPage\":{\"@id\":\"https:\/\/siavs.com.br\/dezenas-de-empresas-de-saude-animal-estarao-no-siavs-2026\/\"},\"wordCount\":435,\"commentCount\":0,\"publisher\":{\"@id\":\"https:\/\/siavs.com.br\/#organization\"},\"image\":{\"@id\":\"https:\/\/siavs.com.br\/dezenas-de-empresas-de-saude-animal-estarao-no-siavs-2026\/#primaryimage\"},\"thumbnailUrl\":\"https:\/\/siavs.com.br\/wp-content\/uploads\/2025\/04\/2022-Feira-1-scaled.jpg\",\"articleSection\":[\"SIAVS 2026\"],\"inLanguage\":\"es\",\"potentialAction\":[{\"@type\":\"CommentAction\",\"name\":\"Comment\",\"target\":[\"https:\/\/siavs.com.br\/dezenas-de-empresas-de-saude-animal-estarao-no-siavs-2026\/#respond\"]}]},{\"@type\":\"WebPage\",\"@id\":\"https:\/\/siavs.com.br\/dezenas-de-empresas-de-saude-animal-estarao-no-siavs-2026\/\",\"url\":\"https:\/\/siavs.com.br\/dezenas-de-empresas-de-saude-animal-estarao-no-siavs-2026\/\",\"name\":\"Dezenas de empresas de sa\u00fade animal estar\u00e3o no SIAVS 2026 - SIAVS\",\"isPartOf\":{\"@id\":\"https:\/\/siavs.com.br\/#website\"},\"primaryImageOfPage\":{\"@id\":\"https:\/\/siavs.com.br\/dezenas-de-empresas-de-saude-animal-estarao-no-siavs-2026\/#primaryimage\"},\"image\":{\"@id\":\"https:\/\/siavs.com.br\/dezenas-de-empresas-de-saude-animal-estarao-no-siavs-2026\/#primaryimage\"},\"thumbnailUrl\":\"https:\/\/siavs.com.br\/wp-content\/uploads\/2025\/04\/2022-Feira-1-scaled.jpg\",\"datePublished\":\"2026-04-30T12:00:50+00:00\",\"dateModified\":\"2026-04-16T18:33:39+00:00\",\"breadcrumb\":{\"@id\":\"https:\/\/siavs.com.br\/dezenas-de-empresas-de-saude-animal-estarao-no-siavs-2026\/#breadcrumb\"},\"inLanguage\":\"es\",\"potentialAction\":[{\"@type\":\"ReadAction\",\"target\":[\"https:\/\/siavs.com.br\/dezenas-de-empresas-de-saude-animal-estarao-no-siavs-2026\/\"]}]},{\"@type\":\"ImageObject\",\"inLanguage\":\"es\",\"@id\":\"https:\/\/siavs.com.br\/dezenas-de-empresas-de-saude-animal-estarao-no-siavs-2026\/#primaryimage\",\"url\":\"https:\/\/siavs.com.br\/wp-content\/uploads\/2025\/04\/2022-Feira-1-scaled.jpg\",\"contentUrl\":\"https:\/\/siavs.com.br\/wp-content\/uploads\/2025\/04\/2022-Feira-1-scaled.jpg\",\"width\":2560,\"height\":1707,\"caption\":\"Foto: Alf Ribeiro\"},{\"@type\":\"BreadcrumbList\",\"@id\":\"https:\/\/siavs.com.br\/dezenas-de-empresas-de-saude-animal-estarao-no-siavs-2026\/#breadcrumb\",\"itemListElement\":[{\"@type\":\"ListItem\",\"position\":1,\"name\":\"In\u00edcio\",\"item\":\"https:\/\/siavs.com.br\/\"},{\"@type\":\"ListItem\",\"position\":2,\"name\":\"Dezenas de empresas de sa\u00fade animal estar\u00e3o no SIAVS 2026\"}]},{\"@type\":\"WebSite\",\"@id\":\"https:\/\/siavs.com.br\/#website\",\"url\":\"https:\/\/siavs.com.br\/\",\"name\":\"SIAVS\",\"description\":\"\",\"publisher\":{\"@id\":\"https:\/\/siavs.com.br\/#organization\"},\"potentialAction\":[{\"@type\":\"SearchAction\",\"target\":{\"@type\":\"EntryPoint\",\"urlTemplate\":\"https:\/\/siavs.com.br\/?s={search_term_string}\"},\"query-input\":\"required name=search_term_string\"}],\"inLanguage\":\"es\"},{\"@type\":\"Organization\",\"@id\":\"https:\/\/siavs.com.br\/#organization\",\"name\":\"SIAVS\",\"url\":\"https:\/\/siavs.com.br\/\",\"logo\":{\"@type\":\"ImageObject\",\"inLanguage\":\"es\",\"@id\":\"https:\/\/siavs.com.br\/#\/schema\/logo\/image\/\",\"url\":\"https:\/\/siavs.com.br\/wp-content\/uploads\/2024\/01\/logo-siavs-v.svg\",\"contentUrl\":\"https:\/\/siavs.com.br\/wp-content\/uploads\/2024\/01\/logo-siavs-v.svg\",\"width\":500,\"height\":600,\"caption\":\"SIAVS\"},\"image\":{\"@id\":\"https:\/\/siavs.com.br\/#\/schema\/logo\/image\/\"},\"sameAs\":[\"https:\/\/www.linkedin.com\/company\/siavs\/\",\"https:\/\/x.com\/Siavsbr\",\"https:\/\/www.instagram.com\/siavsbr\/\"]},{\"@type\":\"Person\",\"@id\":\"https:\/\/siavs.com.br\/#\/schema\/person\/6f4a0972346d708cbc7b498fecc0d918\",\"name\":\"amanda.gomes\",\"image\":{\"@type\":\"ImageObject\",\"inLanguage\":\"es\",\"@id\":\"https:\/\/siavs.com.br\/#\/schema\/person\/image\/\",\"url\":\"https:\/\/secure.gravatar.com\/avatar\/6abe86c0e95c472c43f916ce3e6112df?s=96&d=mm&r=g\",\"contentUrl\":\"https:\/\/secure.gravatar.com\/avatar\/6abe86c0e95c472c43f916ce3e6112df?s=96&d=mm&r=g\",\"caption\":\"amanda.gomes\"},\"url\":\"https:\/\/siavs.com.br\/es\/author\/amanda-gomes\/\"}]}<\/script>\n<!-- \/ Yoast SEO plugin. -->","yoast_head_json":{"title":"Decenas de empresas de salud animal estar\u00e1n en el SIAVS 2026 - SIAVS","robots":{"index":"index","follow":"follow","max-snippet":"max-snippet:-1","max-image-preview":"max-image-preview:large","max-video-preview":"max-video-preview:-1"},"canonical":"https:\/\/siavs.com.br\/es\/decenas-de-empresas-de-salud-animal-estaran-en-el-siavs-2026\/","og_locale":"es_ES","og_type":"article","og_title":"Dezenas de empresas de sa\u00fade animal estar\u00e3o no SIAVS 2026 - SIAVS","og_description":"Segmento re\u00fane solu\u00e7\u00f5es para preven\u00e7\u00e3o, controle e gest\u00e3o sanit\u00e1ria na produ\u00e7\u00e3o de prote\u00edna animal S\u00e3o Paulo, 30 de abril de 2026 \u2013 Com a preserva\u00e7\u00e3o do status sanit\u00e1rio setorial no centro das decis\u00f5es produtivas e comerciais, o Sal\u00e3o Internacional de Prote\u00edna Animal (SIAVS 2026) reunir\u00e1 quase 30 empresas de sa\u00fade animal em sua maior edi\u00e7\u00e3o, [&hellip;]","og_url":"https:\/\/siavs.com.br\/es\/decenas-de-empresas-de-salud-animal-estaran-en-el-siavs-2026\/","og_site_name":"SIAVS","article_publisher":"https:\/\/www.linkedin.com\/company\/siavs\/","article_published_time":"2026-04-30T12:00:50+00:00","article_modified_time":"2026-04-16T18:33:39+00:00","og_image":[{"width":2560,"height":1707,"url":"https:\/\/siavs.com.br\/wp-content\/uploads\/2025\/04\/2022-Feira-1-scaled.jpg","type":"image\/jpeg"}],"author":"amanda.gomes","twitter_card":"summary_large_image","twitter_creator":"@Siavsbr","twitter_site":"@Siavsbr","twitter_misc":{"Escrito por":"amanda.gomes","Tiempo de lectura":"3 minutos"},"schema":{"@context":"https:\/\/schema.org","@graph":[{"@type":"Article","@id":"https:\/\/siavs.com.br\/dezenas-de-empresas-de-saude-animal-estarao-no-siavs-2026\/#article","isPartOf":{"@id":"https:\/\/siavs.com.br\/dezenas-de-empresas-de-saude-animal-estarao-no-siavs-2026\/"},"author":{"name":"amanda.gomes","@id":"https:\/\/siavs.com.br\/#\/schema\/person\/6f4a0972346d708cbc7b498fecc0d918"},"headline":"Dezenas de empresas de sa\u00fade animal estar\u00e3o no SIAVS 2026","datePublished":"2026-04-30T12:00:50+00:00","dateModified":"2026-04-16T18:33:39+00:00","mainEntityOfPage":{"@id":"https:\/\/siavs.com.br\/dezenas-de-empresas-de-saude-animal-estarao-no-siavs-2026\/"},"wordCount":435,"commentCount":0,"publisher":{"@id":"https:\/\/siavs.com.br\/#organization"},"image":{"@id":"https:\/\/siavs.com.br\/dezenas-de-empresas-de-saude-animal-estarao-no-siavs-2026\/#primaryimage"},"thumbnailUrl":"https:\/\/siavs.com.br\/wp-content\/uploads\/2025\/04\/2022-Feira-1-scaled.jpg","articleSection":["SIAVS 2026"],"inLanguage":"es","potentialAction":[{"@type":"CommentAction","name":"Comment","target":["https:\/\/siavs.com.br\/dezenas-de-empresas-de-saude-animal-estarao-no-siavs-2026\/#respond"]}]},{"@type":"WebPage","@id":"https:\/\/siavs.com.br\/dezenas-de-empresas-de-saude-animal-estarao-no-siavs-2026\/","url":"https:\/\/siavs.com.br\/dezenas-de-empresas-de-saude-animal-estarao-no-siavs-2026\/","name":"Decenas de empresas de salud animal estar\u00e1n en el SIAVS 2026 - SIAVS","isPartOf":{"@id":"https:\/\/siavs.com.br\/#website"},"primaryImageOfPage":{"@id":"https:\/\/siavs.com.br\/dezenas-de-empresas-de-saude-animal-estarao-no-siavs-2026\/#primaryimage"},"image":{"@id":"https:\/\/siavs.com.br\/dezenas-de-empresas-de-saude-animal-estarao-no-siavs-2026\/#primaryimage"},"thumbnailUrl":"https:\/\/siavs.com.br\/wp-content\/uploads\/2025\/04\/2022-Feira-1-scaled.jpg","datePublished":"2026-04-30T12:00:50+00:00","dateModified":"2026-04-16T18:33:39+00:00","breadcrumb":{"@id":"https:\/\/siavs.com.br\/dezenas-de-empresas-de-saude-animal-estarao-no-siavs-2026\/#breadcrumb"},"inLanguage":"es","potentialAction":[{"@type":"ReadAction","target":["https:\/\/siavs.com.br\/dezenas-de-empresas-de-saude-animal-estarao-no-siavs-2026\/"]}]},{"@type":"ImageObject","inLanguage":"es","@id":"https:\/\/siavs.com.br\/dezenas-de-empresas-de-saude-animal-estarao-no-siavs-2026\/#primaryimage","url":"https:\/\/siavs.com.br\/wp-content\/uploads\/2025\/04\/2022-Feira-1-scaled.jpg","contentUrl":"https:\/\/siavs.com.br\/wp-content\/uploads\/2025\/04\/2022-Feira-1-scaled.jpg","width":2560,"height":1707,"caption":"Foto: Alf Ribeiro"},{"@type":"BreadcrumbList","@id":"https:\/\/siavs.com.br\/dezenas-de-empresas-de-saude-animal-estarao-no-siavs-2026\/#breadcrumb","itemListElement":[{"@type":"ListItem","position":1,"name":"In\u00edcio","item":"https:\/\/siavs.com.br\/"},{"@type":"ListItem","position":2,"name":"Dezenas de empresas de sa\u00fade animal estar\u00e3o no SIAVS 2026"}]},{"@type":"WebSite","@id":"https:\/\/siavs.com.br\/#website","url":"https:\/\/siavs.com.br\/","name":"SIAVS","description":"","publisher":{"@id":"https:\/\/siavs.com.br\/#organization"},"potentialAction":[{"@type":"SearchAction","target":{"@type":"EntryPoint","urlTemplate":"https:\/\/siavs.com.br\/?s={search_term_string}"},"query-input":"required name=search_term_string"}],"inLanguage":"es"},{"@type":"Organization","@id":"https:\/\/siavs.com.br\/#organization","name":"SIAVS","url":"https:\/\/siavs.com.br\/","logo":{"@type":"ImageObject","inLanguage":"es","@id":"https:\/\/siavs.com.br\/#\/schema\/logo\/image\/","url":"https:\/\/siavs.com.br\/wp-content\/uploads\/2024\/01\/logo-siavs-v.svg","contentUrl":"https:\/\/siavs.com.br\/wp-content\/uploads\/2024\/01\/logo-siavs-v.svg","width":500,"height":600,"caption":"SIAVS"},"image":{"@id":"https:\/\/siavs.com.br\/#\/schema\/logo\/image\/"},"sameAs":["https:\/\/www.linkedin.com\/company\/siavs\/","https:\/\/x.com\/Siavsbr","https:\/\/www.instagram.com\/siavsbr\/"]},{"@type":"Person","@id":"https:\/\/siavs.com.br\/#\/schema\/person\/6f4a0972346d708cbc7b498fecc0d918","name":"amanda.gomes","image":{"@type":"ImageObject","inLanguage":"es","@id":"https:\/\/siavs.com.br\/#\/schema\/person\/image\/","url":"https:\/\/secure.gravatar.com\/avatar\/6abe86c0e95c472c43f916ce3e6112df?s=96&d=mm&r=g","contentUrl":"https:\/\/secure.gravatar.com\/avatar\/6abe86c0e95c472c43f916ce3e6112df?s=96&d=mm&r=g","caption":"amanda.gomes"},"url":"https:\/\/siavs.com.br\/es\/author\/amanda-gomes\/"}]}},"_links":{"self":[{"href":"https:\/\/siavs.com.br\/es\/wp-json\/wp\/v2\/posts\/5598"}],"collection":[{"href":"https:\/\/siavs.com.br\/es\/wp-json\/wp\/v2\/posts"}],"about":[{"href":"https:\/\/siavs.com.br\/es\/wp-json\/wp\/v2\/types\/post"}],"author":[{"embeddable":true,"href":"https:\/\/siavs.com.br\/es\/wp-json\/wp\/v2\/users\/4"}],"replies":[{"embeddable":true,"href":"https:\/\/siavs.com.br\/es\/wp-json\/wp\/v2\/comments?post=5598"}],"version-history":[{"count":1,"href":"https:\/\/siavs.com.br\/es\/wp-json\/wp\/v2\/posts\/5598\/revisions"}],"predecessor-version":[{"id":5600,"href":"https:\/\/siavs.com.br\/es\/wp-json\/wp\/v2\/posts\/5598\/revisions\/5600"}],"wp:featuredmedia":[{"embeddable":true,"href":"https:\/\/siavs.com.br\/es\/wp-json\/wp\/v2\/media\/4689"}],"wp:attachment":[{"href":"https:\/\/siavs.com.br\/es\/wp-json\/wp\/v2\/media?parent=5598"}],"wp:term":[{"taxonomy":"category","embeddable":true,"href":"https:\/\/siavs.com.br\/es\/wp-json\/wp\/v2\/categories?post=5598"},{"taxonomy":"post_tag","embeddable":true,"href":"https:\/\/siavs.com.br\/es\/wp-json\/wp\/v2\/tags?post=5598"}],"curies":[{"name":"p\u00e1gina principal","href":"https:\/\/api.w.org\/{rel}","templated":true}]}}