{"id":5529,"date":"2026-04-28T09:00:29","date_gmt":"2026-04-28T12:00:29","guid":{"rendered":"https:\/\/siavs.com.br\/?p=5529"},"modified":"2026-04-16T11:54:22","modified_gmt":"2026-04-16T14:54:22","slug":"genetica-avicola-e-suina-ganha-destaque-no-siavs-2026-como-base-da-eficiencia-produtiva","status":"publish","type":"post","link":"https:\/\/siavs.com.br\/es\/genetica-avicola-e-suina-ganha-destaque-no-siavs-2026-como-base-da-eficiencia-produtiva\/","title":{"rendered":"Gen\u00e9tica av\u00edcola y porcina gana destaque en el SIAVS 2026 como base de la eficiencia productiva"},"content":{"rendered":"<p><em>Solu\u00e7\u00f5es de melhoramento impulsionam desempenho, padroniza\u00e7\u00e3o e competitividade da produ\u00e7\u00e3o<\/em><\/p>\n<p><strong>S\u00e3o Paulo, 28 de abril de 2026 \u2013<\/strong> A base gen\u00e9tica da produ\u00e7\u00e3o de prote\u00edna animal estar\u00e1 em evid\u00eancia no Sal\u00e3o Internacional de Prote\u00edna Animal (SIAVS 2026), que ser\u00e1 realizado de 4 a 6 de agosto, no Distrito Anhembi, em S\u00e3o Paulo (SP). Com presen\u00e7a de empresas especializadas em gen\u00e9tica av\u00edcola e su\u00edna, o evento apresentar\u00e1 solu\u00e7\u00f5es que sustentam os ganhos de produtividade e qualidade ao longo da cadeia.<\/p>\n<p>As empresas do segmento atuam no desenvolvimento de linhagens e no fornecimento de material gen\u00e9tico de alto desempenho, com foco em caracter\u00edsticas como ganho de peso, convers\u00e3o alimentar, uniformidade dos lotes e rendimento industrial. Esses avan\u00e7os t\u00eam impacto direto na efici\u00eancia dos sistemas produtivos e na competitividade das agroind\u00fastrias.<\/p>\n<p>No SIAVS, o tema ser\u00e1 abordado de forma aplicada, conectado \u00e0s demais \u00e1reas da cadeia. A gen\u00e9tica se integra \u00e0s estrat\u00e9gias de nutri\u00e7\u00e3o, sanidade e manejo, compondo a base t\u00e9cnica que sustenta o desempenho produtivo e a padroniza\u00e7\u00e3o exigida pelos mercados.<\/p>\n<p>Entre os destaques est\u00e3o programas de melhoramento cont\u00ednuo, sele\u00e7\u00e3o orientada por dados e tecnologias voltadas \u00e0 consist\u00eancia dos resultados em escala. A evolu\u00e7\u00e3o gen\u00e9tica tem permitido ciclos produtivos mais eficientes e maior previsibilidade nas opera\u00e7\u00f5es.<\/p>\n<p>A presen\u00e7a dessas empresas refor\u00e7a o car\u00e1ter t\u00e9cnico do evento e amplia as oportunidades de intera\u00e7\u00e3o entre fornecedores de gen\u00e9tica, produtores e agroind\u00fastrias, com foco na aplica\u00e7\u00e3o pr\u00e1tica e na tomada de decis\u00e3o.<\/p>\n<p>\u201cA gen\u00e9tica \u00e9 o ponto de partida da efici\u00eancia produtiva. \u00c9 a partir dela que se estruturam ganhos consistentes de desempenho e qualidade ao longo de toda a cadeia\u201d, destaca o presidente da ABPA, Ricardo Santin.<\/p>\n<p>Al\u00e9m da feira, o evento contar\u00e1 com programa\u00e7\u00e3o t\u00e9cnica que incluir\u00e1 temas relacionados \u00e0 efici\u00eancia produtiva, inova\u00e7\u00e3o e tend\u00eancias para a produ\u00e7\u00e3o animal.<\/p>\n<p>O SIAVS 2026 ocupar\u00e1 45 mil metros cuadrados, crecimiento de 65% en relaci\u00f3n a la edici\u00f3n anterior, y deber\u00e1 reunir cientos de empresas expositoras y visitantes de m\u00e1s de 60 pa\u00edses.<\/p>\n<p>M\u00e1s informaci\u00f3n en <a href=\"https:\/\/siavs.com.br\/es\/\">www.siavs.com.br<\/a>.<\/p>\n<p><strong>AGENDA:<br \/>\n<\/strong>Sal\u00f3n Internacional de Prote\u00edna Animal \u2013 SIAVS<br \/>\nData: 4 a 6 de agosto de 2026<br \/>\nLocal: Distrito Anhembi \u2013 S\u00e3o Paulo \u2013 Brasil \u2013 Av. Olavo Fontoura, 1209<br \/>\nHor\u00e1rio da feira: 10h \u00e0s 19h (dias 04 e 05) e 10h \u00e0s 17h (dia 06)<\/p>","protected":false},"excerpt":{"rendered":"<p>Solu\u00e7\u00f5es de melhoramento impulsionam desempenho, padroniza\u00e7\u00e3o e competitividade da produ\u00e7\u00e3o S\u00e3o Paulo, 28 de abril de 2026 \u2013 A base gen\u00e9tica da produ\u00e7\u00e3o de prote\u00edna animal estar\u00e1 em evid\u00eancia no Sal\u00e3o Internacional de Prote\u00edna Animal (SIAVS 2026), que ser\u00e1 realizado de 4 a 6 de agosto, no Distrito Anhembi, em S\u00e3o Paulo (SP). Com presen\u00e7a [&hellip;]<\/p>\n","protected":false},"author":4,"featured_media":4683,"comment_status":"open","ping_status":"open","sticky":false,"template":"","format":"standard","meta":{"footnotes":""},"categories":[78],"tags":[],"yoast_head":"<!-- This site is optimized with the Yoast SEO plugin v22.5 - https:\/\/yoast.com\/wordpress\/plugins\/seo\/ -->\n<title>Gen\u00e9tica av\u00edcola e su\u00edna ganha destaque no SIAVS 2026 como base da efici\u00eancia produtiva - SIAVS<\/title>\n<meta name=\"robots\" content=\"index, follow, max-snippet:-1, max-image-preview:large, max-video-preview:-1\" \/>\n<link rel=\"canonical\" href=\"https:\/\/siavs.com.br\/es\/genetica-avicola-e-suina-ganha-destaque-no-siavs-2026-como-base-da-eficiencia-produtiva\/\" \/>\n<meta property=\"og:locale\" content=\"es_ES\" \/>\n<meta property=\"og:type\" content=\"article\" \/>\n<meta property=\"og:title\" content=\"Gen\u00e9tica av\u00edcola e su\u00edna ganha destaque no SIAVS 2026 como base da efici\u00eancia produtiva - SIAVS\" \/>\n<meta property=\"og:description\" content=\"Solu\u00e7\u00f5es de melhoramento impulsionam desempenho, padroniza\u00e7\u00e3o e competitividade da produ\u00e7\u00e3o S\u00e3o Paulo, 28 de abril de 2026 \u2013 A base gen\u00e9tica da produ\u00e7\u00e3o de prote\u00edna animal estar\u00e1 em evid\u00eancia no Sal\u00e3o Internacional de Prote\u00edna Animal (SIAVS 2026), que ser\u00e1 realizado de 4 a 6 de agosto, no Distrito Anhembi, em S\u00e3o Paulo (SP). Com presen\u00e7a [&hellip;]\" \/>\n<meta property=\"og:url\" content=\"https:\/\/siavs.com.br\/es\/genetica-avicola-e-suina-ganha-destaque-no-siavs-2026-como-base-da-eficiencia-produtiva\/\" \/>\n<meta property=\"og:site_name\" content=\"SIAVS\" \/>\n<meta property=\"article:publisher\" content=\"https:\/\/www.linkedin.com\/company\/siavs\/\" \/>\n<meta property=\"article:published_time\" content=\"2026-04-28T12:00:29+00:00\" \/>\n<meta property=\"article:modified_time\" content=\"2026-04-16T14:54:22+00:00\" \/>\n<meta property=\"og:image\" content=\"https:\/\/siavs.com.br\/wp-content\/uploads\/2025\/04\/2017-Feira-scaled.jpg\" \/>\n\t<meta property=\"og:image:width\" content=\"2560\" \/>\n\t<meta property=\"og:image:height\" content=\"1674\" \/>\n\t<meta property=\"og:image:type\" content=\"image\/jpeg\" \/>\n<meta name=\"author\" content=\"amanda.gomes\" \/>\n<meta name=\"twitter:card\" content=\"summary_large_image\" \/>\n<meta name=\"twitter:creator\" content=\"@Siavsbr\" \/>\n<meta name=\"twitter:site\" content=\"@Siavsbr\" \/>\n<meta name=\"twitter:label1\" content=\"Escrito por\" \/>\n\t<meta name=\"twitter:data1\" content=\"amanda.gomes\" \/>\n\t<meta name=\"twitter:label2\" content=\"Tiempo de lectura\" \/>\n\t<meta name=\"twitter:data2\" content=\"3 minutos\" \/>\n<script type=\"application\/ld+json\" class=\"yoast-schema-graph\">{\"@context\":\"https:\/\/schema.org\",\"@graph\":[{\"@type\":\"Article\",\"@id\":\"https:\/\/siavs.com.br\/genetica-avicola-e-suina-ganha-destaque-no-siavs-2026-como-base-da-eficiencia-produtiva\/#article\",\"isPartOf\":{\"@id\":\"https:\/\/siavs.com.br\/genetica-avicola-e-suina-ganha-destaque-no-siavs-2026-como-base-da-eficiencia-produtiva\/\"},\"author\":{\"name\":\"amanda.gomes\",\"@id\":\"https:\/\/siavs.com.br\/#\/schema\/person\/6f4a0972346d708cbc7b498fecc0d918\"},\"headline\":\"Gen\u00e9tica av\u00edcola e su\u00edna ganha destaque no SIAVS 2026 como base da efici\u00eancia produtiva\",\"datePublished\":\"2026-04-28T12:00:29+00:00\",\"dateModified\":\"2026-04-16T14:54:22+00:00\",\"mainEntityOfPage\":{\"@id\":\"https:\/\/siavs.com.br\/genetica-avicola-e-suina-ganha-destaque-no-siavs-2026-como-base-da-eficiencia-produtiva\/\"},\"wordCount\":431,\"commentCount\":0,\"publisher\":{\"@id\":\"https:\/\/siavs.com.br\/#organization\"},\"image\":{\"@id\":\"https:\/\/siavs.com.br\/genetica-avicola-e-suina-ganha-destaque-no-siavs-2026-como-base-da-eficiencia-produtiva\/#primaryimage\"},\"thumbnailUrl\":\"https:\/\/siavs.com.br\/wp-content\/uploads\/2025\/04\/2017-Feira-scaled.jpg\",\"articleSection\":[\"SIAVS 2026\"],\"inLanguage\":\"es\",\"potentialAction\":[{\"@type\":\"CommentAction\",\"name\":\"Comment\",\"target\":[\"https:\/\/siavs.com.br\/genetica-avicola-e-suina-ganha-destaque-no-siavs-2026-como-base-da-eficiencia-produtiva\/#respond\"]}]},{\"@type\":\"WebPage\",\"@id\":\"https:\/\/siavs.com.br\/genetica-avicola-e-suina-ganha-destaque-no-siavs-2026-como-base-da-eficiencia-produtiva\/\",\"url\":\"https:\/\/siavs.com.br\/genetica-avicola-e-suina-ganha-destaque-no-siavs-2026-como-base-da-eficiencia-produtiva\/\",\"name\":\"Gen\u00e9tica av\u00edcola e su\u00edna ganha destaque no SIAVS 2026 como base da efici\u00eancia produtiva - SIAVS\",\"isPartOf\":{\"@id\":\"https:\/\/siavs.com.br\/#website\"},\"primaryImageOfPage\":{\"@id\":\"https:\/\/siavs.com.br\/genetica-avicola-e-suina-ganha-destaque-no-siavs-2026-como-base-da-eficiencia-produtiva\/#primaryimage\"},\"image\":{\"@id\":\"https:\/\/siavs.com.br\/genetica-avicola-e-suina-ganha-destaque-no-siavs-2026-como-base-da-eficiencia-produtiva\/#primaryimage\"},\"thumbnailUrl\":\"https:\/\/siavs.com.br\/wp-content\/uploads\/2025\/04\/2017-Feira-scaled.jpg\",\"datePublished\":\"2026-04-28T12:00:29+00:00\",\"dateModified\":\"2026-04-16T14:54:22+00:00\",\"breadcrumb\":{\"@id\":\"https:\/\/siavs.com.br\/genetica-avicola-e-suina-ganha-destaque-no-siavs-2026-como-base-da-eficiencia-produtiva\/#breadcrumb\"},\"inLanguage\":\"es\",\"potentialAction\":[{\"@type\":\"ReadAction\",\"target\":[\"https:\/\/siavs.com.br\/genetica-avicola-e-suina-ganha-destaque-no-siavs-2026-como-base-da-eficiencia-produtiva\/\"]}]},{\"@type\":\"ImageObject\",\"inLanguage\":\"es\",\"@id\":\"https:\/\/siavs.com.br\/genetica-avicola-e-suina-ganha-destaque-no-siavs-2026-como-base-da-eficiencia-produtiva\/#primaryimage\",\"url\":\"https:\/\/siavs.com.br\/wp-content\/uploads\/2025\/04\/2017-Feira-scaled.jpg\",\"contentUrl\":\"https:\/\/siavs.com.br\/wp-content\/uploads\/2025\/04\/2017-Feira-scaled.jpg\",\"width\":2560,\"height\":1674},{\"@type\":\"BreadcrumbList\",\"@id\":\"https:\/\/siavs.com.br\/genetica-avicola-e-suina-ganha-destaque-no-siavs-2026-como-base-da-eficiencia-produtiva\/#breadcrumb\",\"itemListElement\":[{\"@type\":\"ListItem\",\"position\":1,\"name\":\"In\u00edcio\",\"item\":\"https:\/\/siavs.com.br\/\"},{\"@type\":\"ListItem\",\"position\":2,\"name\":\"Gen\u00e9tica av\u00edcola e su\u00edna ganha destaque no SIAVS 2026 como base da efici\u00eancia produtiva\"}]},{\"@type\":\"WebSite\",\"@id\":\"https:\/\/siavs.com.br\/#website\",\"url\":\"https:\/\/siavs.com.br\/\",\"name\":\"SIAVS\",\"description\":\"\",\"publisher\":{\"@id\":\"https:\/\/siavs.com.br\/#organization\"},\"potentialAction\":[{\"@type\":\"SearchAction\",\"target\":{\"@type\":\"EntryPoint\",\"urlTemplate\":\"https:\/\/siavs.com.br\/?s={search_term_string}\"},\"query-input\":\"required name=search_term_string\"}],\"inLanguage\":\"es\"},{\"@type\":\"Organization\",\"@id\":\"https:\/\/siavs.com.br\/#organization\",\"name\":\"SIAVS\",\"url\":\"https:\/\/siavs.com.br\/\",\"logo\":{\"@type\":\"ImageObject\",\"inLanguage\":\"es\",\"@id\":\"https:\/\/siavs.com.br\/#\/schema\/logo\/image\/\",\"url\":\"https:\/\/siavs.com.br\/wp-content\/uploads\/2024\/01\/logo-siavs-v.svg\",\"contentUrl\":\"https:\/\/siavs.com.br\/wp-content\/uploads\/2024\/01\/logo-siavs-v.svg\",\"width\":500,\"height\":600,\"caption\":\"SIAVS\"},\"image\":{\"@id\":\"https:\/\/siavs.com.br\/#\/schema\/logo\/image\/\"},\"sameAs\":[\"https:\/\/www.linkedin.com\/company\/siavs\/\",\"https:\/\/x.com\/Siavsbr\",\"https:\/\/www.instagram.com\/siavsbr\/\"]},{\"@type\":\"Person\",\"@id\":\"https:\/\/siavs.com.br\/#\/schema\/person\/6f4a0972346d708cbc7b498fecc0d918\",\"name\":\"amanda.gomes\",\"image\":{\"@type\":\"ImageObject\",\"inLanguage\":\"es\",\"@id\":\"https:\/\/siavs.com.br\/#\/schema\/person\/image\/\",\"url\":\"https:\/\/secure.gravatar.com\/avatar\/6abe86c0e95c472c43f916ce3e6112df?s=96&d=mm&r=g\",\"contentUrl\":\"https:\/\/secure.gravatar.com\/avatar\/6abe86c0e95c472c43f916ce3e6112df?s=96&d=mm&r=g\",\"caption\":\"amanda.gomes\"},\"url\":\"https:\/\/siavs.com.br\/es\/author\/amanda-gomes\/\"}]}<\/script>\n<!-- \/ Yoast SEO plugin. -->","yoast_head_json":{"title":"Gen\u00e9tica av\u00edcola e su\u00edna ganha destaque no SIAVS 2026 como base da efici\u00eancia produtiva - SIAVS","robots":{"index":"index","follow":"follow","max-snippet":"max-snippet:-1","max-image-preview":"max-image-preview:large","max-video-preview":"max-video-preview:-1"},"canonical":"https:\/\/siavs.com.br\/es\/genetica-avicola-e-suina-ganha-destaque-no-siavs-2026-como-base-da-eficiencia-produtiva\/","og_locale":"es_ES","og_type":"article","og_title":"Gen\u00e9tica av\u00edcola e su\u00edna ganha destaque no SIAVS 2026 como base da efici\u00eancia produtiva - SIAVS","og_description":"Solu\u00e7\u00f5es de melhoramento impulsionam desempenho, padroniza\u00e7\u00e3o e competitividade da produ\u00e7\u00e3o S\u00e3o Paulo, 28 de abril de 2026 \u2013 A base gen\u00e9tica da produ\u00e7\u00e3o de prote\u00edna animal estar\u00e1 em evid\u00eancia no Sal\u00e3o Internacional de Prote\u00edna Animal (SIAVS 2026), que ser\u00e1 realizado de 4 a 6 de agosto, no Distrito Anhembi, em S\u00e3o Paulo (SP). Com presen\u00e7a [&hellip;]","og_url":"https:\/\/siavs.com.br\/es\/genetica-avicola-e-suina-ganha-destaque-no-siavs-2026-como-base-da-eficiencia-produtiva\/","og_site_name":"SIAVS","article_publisher":"https:\/\/www.linkedin.com\/company\/siavs\/","article_published_time":"2026-04-28T12:00:29+00:00","article_modified_time":"2026-04-16T14:54:22+00:00","og_image":[{"width":2560,"height":1674,"url":"https:\/\/siavs.com.br\/wp-content\/uploads\/2025\/04\/2017-Feira-scaled.jpg","type":"image\/jpeg"}],"author":"amanda.gomes","twitter_card":"summary_large_image","twitter_creator":"@Siavsbr","twitter_site":"@Siavsbr","twitter_misc":{"Escrito por":"amanda.gomes","Tiempo de lectura":"3 minutos"},"schema":{"@context":"https:\/\/schema.org","@graph":[{"@type":"Article","@id":"https:\/\/siavs.com.br\/genetica-avicola-e-suina-ganha-destaque-no-siavs-2026-como-base-da-eficiencia-produtiva\/#article","isPartOf":{"@id":"https:\/\/siavs.com.br\/genetica-avicola-e-suina-ganha-destaque-no-siavs-2026-como-base-da-eficiencia-produtiva\/"},"author":{"name":"amanda.gomes","@id":"https:\/\/siavs.com.br\/#\/schema\/person\/6f4a0972346d708cbc7b498fecc0d918"},"headline":"Gen\u00e9tica av\u00edcola e su\u00edna ganha destaque no SIAVS 2026 como base da efici\u00eancia produtiva","datePublished":"2026-04-28T12:00:29+00:00","dateModified":"2026-04-16T14:54:22+00:00","mainEntityOfPage":{"@id":"https:\/\/siavs.com.br\/genetica-avicola-e-suina-ganha-destaque-no-siavs-2026-como-base-da-eficiencia-produtiva\/"},"wordCount":431,"commentCount":0,"publisher":{"@id":"https:\/\/siavs.com.br\/#organization"},"image":{"@id":"https:\/\/siavs.com.br\/genetica-avicola-e-suina-ganha-destaque-no-siavs-2026-como-base-da-eficiencia-produtiva\/#primaryimage"},"thumbnailUrl":"https:\/\/siavs.com.br\/wp-content\/uploads\/2025\/04\/2017-Feira-scaled.jpg","articleSection":["SIAVS 2026"],"inLanguage":"es","potentialAction":[{"@type":"CommentAction","name":"Comment","target":["https:\/\/siavs.com.br\/genetica-avicola-e-suina-ganha-destaque-no-siavs-2026-como-base-da-eficiencia-produtiva\/#respond"]}]},{"@type":"WebPage","@id":"https:\/\/siavs.com.br\/genetica-avicola-e-suina-ganha-destaque-no-siavs-2026-como-base-da-eficiencia-produtiva\/","url":"https:\/\/siavs.com.br\/genetica-avicola-e-suina-ganha-destaque-no-siavs-2026-como-base-da-eficiencia-produtiva\/","name":"Gen\u00e9tica av\u00edcola e su\u00edna ganha destaque no SIAVS 2026 como base da efici\u00eancia produtiva - SIAVS","isPartOf":{"@id":"https:\/\/siavs.com.br\/#website"},"primaryImageOfPage":{"@id":"https:\/\/siavs.com.br\/genetica-avicola-e-suina-ganha-destaque-no-siavs-2026-como-base-da-eficiencia-produtiva\/#primaryimage"},"image":{"@id":"https:\/\/siavs.com.br\/genetica-avicola-e-suina-ganha-destaque-no-siavs-2026-como-base-da-eficiencia-produtiva\/#primaryimage"},"thumbnailUrl":"https:\/\/siavs.com.br\/wp-content\/uploads\/2025\/04\/2017-Feira-scaled.jpg","datePublished":"2026-04-28T12:00:29+00:00","dateModified":"2026-04-16T14:54:22+00:00","breadcrumb":{"@id":"https:\/\/siavs.com.br\/genetica-avicola-e-suina-ganha-destaque-no-siavs-2026-como-base-da-eficiencia-produtiva\/#breadcrumb"},"inLanguage":"es","potentialAction":[{"@type":"ReadAction","target":["https:\/\/siavs.com.br\/genetica-avicola-e-suina-ganha-destaque-no-siavs-2026-como-base-da-eficiencia-produtiva\/"]}]},{"@type":"ImageObject","inLanguage":"es","@id":"https:\/\/siavs.com.br\/genetica-avicola-e-suina-ganha-destaque-no-siavs-2026-como-base-da-eficiencia-produtiva\/#primaryimage","url":"https:\/\/siavs.com.br\/wp-content\/uploads\/2025\/04\/2017-Feira-scaled.jpg","contentUrl":"https:\/\/siavs.com.br\/wp-content\/uploads\/2025\/04\/2017-Feira-scaled.jpg","width":2560,"height":1674},{"@type":"BreadcrumbList","@id":"https:\/\/siavs.com.br\/genetica-avicola-e-suina-ganha-destaque-no-siavs-2026-como-base-da-eficiencia-produtiva\/#breadcrumb","itemListElement":[{"@type":"ListItem","position":1,"name":"In\u00edcio","item":"https:\/\/siavs.com.br\/"},{"@type":"ListItem","position":2,"name":"Gen\u00e9tica av\u00edcola e su\u00edna ganha destaque no SIAVS 2026 como base da efici\u00eancia produtiva"}]},{"@type":"WebSite","@id":"https:\/\/siavs.com.br\/#website","url":"https:\/\/siavs.com.br\/","name":"SIAVS","description":"","publisher":{"@id":"https:\/\/siavs.com.br\/#organization"},"potentialAction":[{"@type":"SearchAction","target":{"@type":"EntryPoint","urlTemplate":"https:\/\/siavs.com.br\/?s={search_term_string}"},"query-input":"required name=search_term_string"}],"inLanguage":"es"},{"@type":"Organization","@id":"https:\/\/siavs.com.br\/#organization","name":"SIAVS","url":"https:\/\/siavs.com.br\/","logo":{"@type":"ImageObject","inLanguage":"es","@id":"https:\/\/siavs.com.br\/#\/schema\/logo\/image\/","url":"https:\/\/siavs.com.br\/wp-content\/uploads\/2024\/01\/logo-siavs-v.svg","contentUrl":"https:\/\/siavs.com.br\/wp-content\/uploads\/2024\/01\/logo-siavs-v.svg","width":500,"height":600,"caption":"SIAVS"},"image":{"@id":"https:\/\/siavs.com.br\/#\/schema\/logo\/image\/"},"sameAs":["https:\/\/www.linkedin.com\/company\/siavs\/","https:\/\/x.com\/Siavsbr","https:\/\/www.instagram.com\/siavsbr\/"]},{"@type":"Person","@id":"https:\/\/siavs.com.br\/#\/schema\/person\/6f4a0972346d708cbc7b498fecc0d918","name":"amanda.gomes","image":{"@type":"ImageObject","inLanguage":"es","@id":"https:\/\/siavs.com.br\/#\/schema\/person\/image\/","url":"https:\/\/secure.gravatar.com\/avatar\/6abe86c0e95c472c43f916ce3e6112df?s=96&d=mm&r=g","contentUrl":"https:\/\/secure.gravatar.com\/avatar\/6abe86c0e95c472c43f916ce3e6112df?s=96&d=mm&r=g","caption":"amanda.gomes"},"url":"https:\/\/siavs.com.br\/es\/author\/amanda-gomes\/"}]}},"_links":{"self":[{"href":"https:\/\/siavs.com.br\/es\/wp-json\/wp\/v2\/posts\/5529"}],"collection":[{"href":"https:\/\/siavs.com.br\/es\/wp-json\/wp\/v2\/posts"}],"about":[{"href":"https:\/\/siavs.com.br\/es\/wp-json\/wp\/v2\/types\/post"}],"author":[{"embeddable":true,"href":"https:\/\/siavs.com.br\/es\/wp-json\/wp\/v2\/users\/4"}],"replies":[{"embeddable":true,"href":"https:\/\/siavs.com.br\/es\/wp-json\/wp\/v2\/comments?post=5529"}],"version-history":[{"count":1,"href":"https:\/\/siavs.com.br\/es\/wp-json\/wp\/v2\/posts\/5529\/revisions"}],"predecessor-version":[{"id":5530,"href":"https:\/\/siavs.com.br\/es\/wp-json\/wp\/v2\/posts\/5529\/revisions\/5530"}],"wp:featuredmedia":[{"embeddable":true,"href":"https:\/\/siavs.com.br\/es\/wp-json\/wp\/v2\/media\/4683"}],"wp:attachment":[{"href":"https:\/\/siavs.com.br\/es\/wp-json\/wp\/v2\/media?parent=5529"}],"wp:term":[{"taxonomy":"category","embeddable":true,"href":"https:\/\/siavs.com.br\/es\/wp-json\/wp\/v2\/categories?post=5529"},{"taxonomy":"post_tag","embeddable":true,"href":"https:\/\/siavs.com.br\/es\/wp-json\/wp\/v2\/tags?post=5529"}],"curies":[{"name":"p\u00e1gina principal","href":"https:\/\/api.w.org\/{rel}","templated":true}]}}