{"id":5811,"date":"2026-04-27T13:47:23","date_gmt":"2026-04-27T16:47:23","guid":{"rendered":"https:\/\/siavs.com.br\/?p=5811"},"modified":"2026-04-27T13:47:23","modified_gmt":"2026-04-27T16:47:23","slug":"last-days-for-applications-for-the-abpa-applied-research-merit-award-close-on-may-1st","status":"publish","type":"post","link":"https:\/\/siavs.com.br\/en\/ultimos-dias-inscricoes-para-o-merito-abpa-de-pesquisa-aplicavel-se-encerram-em-1o-de-maio\/","title":{"rendered":"Last days: registration for the ABPA applied research merit award closes on May 1st"},"content":{"rendered":"<p><em>The deadline is approaching and ABPA reinforces the call for researchers to participate in the recognition at SIAVS 2026<\/em><\/p>\n<p>&nbsp;<\/p>\n<p><strong>S\u00e3o Paulo, April 27, 2026 \u2013\u00a0<\/strong> The deadline for submitting works for the ABPA Merit of Applicable Research, a scientific recognition promoted by the Brazilian Animal Protein Association (ABPA) during the International Animal Protein Show (SIAVS 2026), which will be held from August 4th to 6th at the Anhembi District in S\u00e3o Paulo (SP), ends on May 1st.<\/p>\n<p>The initiative values research with direct practical application in the animal protein production chain, encouraging solutions that generate real gains in efficiency, sustainability, sanitary safety, and international competitiveness of Brazilian poultry and pig farming.<\/p>\n<p>Merit is divided into two strategic fronts. The first is dedicated to Antimicrobial Resistance (AMR), recognizing research focused on the responsible use of antimicrobials and tackling microbial resistance \u2013 a priority theme on the global agenda and aligned with the One Health principles and the sector campaign \u201cConscious Use, Responsible Future.\u201d The second deals with Broad Areas, encompassing studies in the areas of production, management, and environment; nutrition; technology and processes; health; sustainability; and public health.<\/p>\n<p>The works will be evaluated by specialists based on criteria such as strategic relevance, innovation, methodological consistency, practical applicability, and potential impact on the sector. The selected works will be presented during SIAVS 2026, increasing their visibility among business leaders, health authorities, and representatives from Brazil and abroad.<\/p>\n<p>In addition to technical recognition, the first author of the winning work in each category will participate, with the support of the organization, in an experience at one of the world's largest food fairs, with the option to choose between SIAL Paris 2026 or Gulfood 2027 in Dubai.<\/p>\n<p>\u201cWe are in the final stretch and this is the decisive moment for researchers to submit their work. We want to recognize and encourage solutions that can be applied in practice, strengthening the innovation and competitiveness of Brazilian animal protein,\u201d highlights Sula Alves, technical director of ABPA and coordinator of the SIAVS program.<\/p>\n<p>&nbsp;<\/p>\n<p>Registrations must be made through the event's official website: https:\/\/siavs.com.br\/trabalho-cientifico\/<\/p>\n<p>&nbsp;<\/p>","protected":false},"excerpt":{"rendered":"<p>Prazo final se aproxima e ABPA refor\u00e7a chamada para pesquisadores participarem do reconhecimento no SIAVS 2026 &nbsp; S\u00e3o Paulo, 27 de abril de 2026 \u2013\u00a0 Termina em 1\u00ba de maio o prazo para submiss\u00e3o de trabalhos no M\u00e9rito ABPA de Pesquisa Aplic\u00e1vel, reconhecimento cient\u00edfico promovido pela Associa\u00e7\u00e3o Brasileira de Prote\u00edna Animal (ABPA) durante o Sal\u00e3o [&hellip;]<\/p>\n","protected":false},"author":4,"featured_media":5812,"comment_status":"open","ping_status":"open","sticky":false,"template":"","format":"standard","meta":{"footnotes":""},"categories":[78],"tags":[],"yoast_head":"<!-- This site is optimized with the Yoast SEO plugin v22.5 - https:\/\/yoast.com\/wordpress\/plugins\/seo\/ -->\n<title>\u00daltimos dias: inscri\u00e7\u00f5es para o m\u00e9rito ABPA de pesquisa aplic\u00e1vel se encerram em 1\u00ba de maio - SIAVS<\/title>\n<meta name=\"robots\" content=\"index, follow, max-snippet:-1, max-image-preview:large, max-video-preview:-1\" \/>\n<link rel=\"canonical\" href=\"https:\/\/siavs.com.br\/en\/last-days-for-applications-for-the-abpa-applied-research-merit-award-close-on-may-1st\/\" \/>\n<meta property=\"og:locale\" content=\"en_US\" \/>\n<meta property=\"og:type\" content=\"article\" \/>\n<meta property=\"og:title\" content=\"\u00daltimos dias: inscri\u00e7\u00f5es para o m\u00e9rito ABPA de pesquisa aplic\u00e1vel se encerram em 1\u00ba de maio - SIAVS\" \/>\n<meta property=\"og:description\" content=\"Prazo final se aproxima e ABPA refor\u00e7a chamada para pesquisadores participarem do reconhecimento no SIAVS 2026 &nbsp; S\u00e3o Paulo, 27 de abril de 2026 \u2013\u00a0 Termina em 1\u00ba de maio o prazo para submiss\u00e3o de trabalhos no M\u00e9rito ABPA de Pesquisa Aplic\u00e1vel, reconhecimento cient\u00edfico promovido pela Associa\u00e7\u00e3o Brasileira de Prote\u00edna Animal (ABPA) durante o Sal\u00e3o [&hellip;]\" \/>\n<meta property=\"og:url\" content=\"https:\/\/siavs.com.br\/en\/last-days-for-applications-for-the-abpa-applied-research-merit-award-close-on-may-1st\/\" \/>\n<meta property=\"og:site_name\" content=\"SIAVS\" \/>\n<meta property=\"article:publisher\" content=\"https:\/\/www.linkedin.com\/company\/siavs\/\" \/>\n<meta property=\"article:published_time\" content=\"2026-04-27T16:47:23+00:00\" \/>\n<meta property=\"og:image\" content=\"https:\/\/siavs.com.br\/wp-content\/uploads\/2026\/04\/20260421_135100-scaled.jpg\" \/>\n\t<meta property=\"og:image:width\" content=\"2560\" \/>\n\t<meta property=\"og:image:height\" content=\"1441\" \/>\n\t<meta property=\"og:image:type\" content=\"image\/jpeg\" \/>\n<meta name=\"author\" content=\"amanda.gomes\" \/>\n<meta name=\"twitter:card\" content=\"summary_large_image\" \/>\n<meta name=\"twitter:creator\" content=\"@Siavsbr\" \/>\n<meta name=\"twitter:site\" content=\"@Siavsbr\" \/>\n<meta name=\"twitter:label1\" content=\"Written by\" \/>\n\t<meta name=\"twitter:data1\" content=\"amanda.gomes\" \/>\n\t<meta name=\"twitter:label2\" content=\"Est. reading time\" \/>\n\t<meta name=\"twitter:data2\" content=\"3 minutes\" \/>\n<script type=\"application\/ld+json\" class=\"yoast-schema-graph\">{\"@context\":\"https:\/\/schema.org\",\"@graph\":[{\"@type\":\"Article\",\"@id\":\"https:\/\/siavs.com.br\/ultimos-dias-inscricoes-para-o-merito-abpa-de-pesquisa-aplicavel-se-encerram-em-1o-de-maio\/#article\",\"isPartOf\":{\"@id\":\"https:\/\/siavs.com.br\/ultimos-dias-inscricoes-para-o-merito-abpa-de-pesquisa-aplicavel-se-encerram-em-1o-de-maio\/\"},\"author\":{\"name\":\"amanda.gomes\",\"@id\":\"https:\/\/siavs.com.br\/#\/schema\/person\/6f4a0972346d708cbc7b498fecc0d918\"},\"headline\":\"\u00daltimos dias: inscri\u00e7\u00f5es para o m\u00e9rito ABPA de pesquisa aplic\u00e1vel se encerram em 1\u00ba de maio\",\"datePublished\":\"2026-04-27T16:47:23+00:00\",\"dateModified\":\"2026-04-27T16:47:23+00:00\",\"mainEntityOfPage\":{\"@id\":\"https:\/\/siavs.com.br\/ultimos-dias-inscricoes-para-o-merito-abpa-de-pesquisa-aplicavel-se-encerram-em-1o-de-maio\/\"},\"wordCount\":399,\"commentCount\":0,\"publisher\":{\"@id\":\"https:\/\/siavs.com.br\/#organization\"},\"image\":{\"@id\":\"https:\/\/siavs.com.br\/ultimos-dias-inscricoes-para-o-merito-abpa-de-pesquisa-aplicavel-se-encerram-em-1o-de-maio\/#primaryimage\"},\"thumbnailUrl\":\"https:\/\/siavs.com.br\/wp-content\/uploads\/2026\/04\/20260421_135100-scaled.jpg\",\"articleSection\":[\"SIAVS 2026\"],\"inLanguage\":\"en-US\",\"potentialAction\":[{\"@type\":\"CommentAction\",\"name\":\"Comment\",\"target\":[\"https:\/\/siavs.com.br\/ultimos-dias-inscricoes-para-o-merito-abpa-de-pesquisa-aplicavel-se-encerram-em-1o-de-maio\/#respond\"]}]},{\"@type\":\"WebPage\",\"@id\":\"https:\/\/siavs.com.br\/ultimos-dias-inscricoes-para-o-merito-abpa-de-pesquisa-aplicavel-se-encerram-em-1o-de-maio\/\",\"url\":\"https:\/\/siavs.com.br\/ultimos-dias-inscricoes-para-o-merito-abpa-de-pesquisa-aplicavel-se-encerram-em-1o-de-maio\/\",\"name\":\"\u00daltimos dias: inscri\u00e7\u00f5es para o m\u00e9rito ABPA de pesquisa aplic\u00e1vel se encerram em 1\u00ba de maio - SIAVS\",\"isPartOf\":{\"@id\":\"https:\/\/siavs.com.br\/#website\"},\"primaryImageOfPage\":{\"@id\":\"https:\/\/siavs.com.br\/ultimos-dias-inscricoes-para-o-merito-abpa-de-pesquisa-aplicavel-se-encerram-em-1o-de-maio\/#primaryimage\"},\"image\":{\"@id\":\"https:\/\/siavs.com.br\/ultimos-dias-inscricoes-para-o-merito-abpa-de-pesquisa-aplicavel-se-encerram-em-1o-de-maio\/#primaryimage\"},\"thumbnailUrl\":\"https:\/\/siavs.com.br\/wp-content\/uploads\/2026\/04\/20260421_135100-scaled.jpg\",\"datePublished\":\"2026-04-27T16:47:23+00:00\",\"dateModified\":\"2026-04-27T16:47:23+00:00\",\"breadcrumb\":{\"@id\":\"https:\/\/siavs.com.br\/ultimos-dias-inscricoes-para-o-merito-abpa-de-pesquisa-aplicavel-se-encerram-em-1o-de-maio\/#breadcrumb\"},\"inLanguage\":\"en-US\",\"potentialAction\":[{\"@type\":\"ReadAction\",\"target\":[\"https:\/\/siavs.com.br\/ultimos-dias-inscricoes-para-o-merito-abpa-de-pesquisa-aplicavel-se-encerram-em-1o-de-maio\/\"]}]},{\"@type\":\"ImageObject\",\"inLanguage\":\"en-US\",\"@id\":\"https:\/\/siavs.com.br\/ultimos-dias-inscricoes-para-o-merito-abpa-de-pesquisa-aplicavel-se-encerram-em-1o-de-maio\/#primaryimage\",\"url\":\"https:\/\/siavs.com.br\/wp-content\/uploads\/2026\/04\/20260421_135100-scaled.jpg\",\"contentUrl\":\"https:\/\/siavs.com.br\/wp-content\/uploads\/2026\/04\/20260421_135100-scaled.jpg\",\"width\":2560,\"height\":1441},{\"@type\":\"BreadcrumbList\",\"@id\":\"https:\/\/siavs.com.br\/ultimos-dias-inscricoes-para-o-merito-abpa-de-pesquisa-aplicavel-se-encerram-em-1o-de-maio\/#breadcrumb\",\"itemListElement\":[{\"@type\":\"ListItem\",\"position\":1,\"name\":\"In\u00edcio\",\"item\":\"https:\/\/siavs.com.br\/\"},{\"@type\":\"ListItem\",\"position\":2,\"name\":\"\u00daltimos dias: inscri\u00e7\u00f5es para o m\u00e9rito ABPA de pesquisa aplic\u00e1vel se encerram em 1\u00ba de maio\"}]},{\"@type\":\"WebSite\",\"@id\":\"https:\/\/siavs.com.br\/#website\",\"url\":\"https:\/\/siavs.com.br\/\",\"name\":\"SIAVS\",\"description\":\"\",\"publisher\":{\"@id\":\"https:\/\/siavs.com.br\/#organization\"},\"potentialAction\":[{\"@type\":\"SearchAction\",\"target\":{\"@type\":\"EntryPoint\",\"urlTemplate\":\"https:\/\/siavs.com.br\/?s={search_term_string}\"},\"query-input\":\"required name=search_term_string\"}],\"inLanguage\":\"en-US\"},{\"@type\":\"Organization\",\"@id\":\"https:\/\/siavs.com.br\/#organization\",\"name\":\"SIAVS\",\"url\":\"https:\/\/siavs.com.br\/\",\"logo\":{\"@type\":\"ImageObject\",\"inLanguage\":\"en-US\",\"@id\":\"https:\/\/siavs.com.br\/#\/schema\/logo\/image\/\",\"url\":\"https:\/\/siavs.com.br\/wp-content\/uploads\/2024\/01\/logo-siavs-v.svg\",\"contentUrl\":\"https:\/\/siavs.com.br\/wp-content\/uploads\/2024\/01\/logo-siavs-v.svg\",\"width\":500,\"height\":600,\"caption\":\"SIAVS\"},\"image\":{\"@id\":\"https:\/\/siavs.com.br\/#\/schema\/logo\/image\/\"},\"sameAs\":[\"https:\/\/www.linkedin.com\/company\/siavs\/\",\"https:\/\/x.com\/Siavsbr\",\"https:\/\/www.instagram.com\/siavsbr\/\"]},{\"@type\":\"Person\",\"@id\":\"https:\/\/siavs.com.br\/#\/schema\/person\/6f4a0972346d708cbc7b498fecc0d918\",\"name\":\"amanda.gomes\",\"image\":{\"@type\":\"ImageObject\",\"inLanguage\":\"en-US\",\"@id\":\"https:\/\/siavs.com.br\/#\/schema\/person\/image\/\",\"url\":\"https:\/\/secure.gravatar.com\/avatar\/6abe86c0e95c472c43f916ce3e6112df?s=96&d=mm&r=g\",\"contentUrl\":\"https:\/\/secure.gravatar.com\/avatar\/6abe86c0e95c472c43f916ce3e6112df?s=96&d=mm&r=g\",\"caption\":\"amanda.gomes\"},\"url\":\"https:\/\/siavs.com.br\/en\/author\/amanda-gomes\/\"}]}<\/script>\n<!-- \/ Yoast SEO plugin. -->","yoast_head_json":{"title":"Last days: registrations for the ABPA applied research merit award close on May 1st - SIAVS","robots":{"index":"index","follow":"follow","max-snippet":"max-snippet:-1","max-image-preview":"max-image-preview:large","max-video-preview":"max-video-preview:-1"},"canonical":"https:\/\/siavs.com.br\/en\/last-days-for-applications-for-the-abpa-applied-research-merit-award-close-on-may-1st\/","og_locale":"en_US","og_type":"article","og_title":"\u00daltimos dias: inscri\u00e7\u00f5es para o m\u00e9rito ABPA de pesquisa aplic\u00e1vel se encerram em 1\u00ba de maio - SIAVS","og_description":"Prazo final se aproxima e ABPA refor\u00e7a chamada para pesquisadores participarem do reconhecimento no SIAVS 2026 &nbsp; S\u00e3o Paulo, 27 de abril de 2026 \u2013\u00a0 Termina em 1\u00ba de maio o prazo para submiss\u00e3o de trabalhos no M\u00e9rito ABPA de Pesquisa Aplic\u00e1vel, reconhecimento cient\u00edfico promovido pela Associa\u00e7\u00e3o Brasileira de Prote\u00edna Animal (ABPA) durante o Sal\u00e3o [&hellip;]","og_url":"https:\/\/siavs.com.br\/en\/last-days-for-applications-for-the-abpa-applied-research-merit-award-close-on-may-1st\/","og_site_name":"SIAVS","article_publisher":"https:\/\/www.linkedin.com\/company\/siavs\/","article_published_time":"2026-04-27T16:47:23+00:00","og_image":[{"width":2560,"height":1441,"url":"https:\/\/siavs.com.br\/wp-content\/uploads\/2026\/04\/20260421_135100-scaled.jpg","type":"image\/jpeg"}],"author":"amanda.gomes","twitter_card":"summary_large_image","twitter_creator":"@Siavsbr","twitter_site":"@Siavsbr","twitter_misc":{"Written by":"amanda.gomes","Est. reading time":"3 minutes"},"schema":{"@context":"https:\/\/schema.org","@graph":[{"@type":"Article","@id":"https:\/\/siavs.com.br\/ultimos-dias-inscricoes-para-o-merito-abpa-de-pesquisa-aplicavel-se-encerram-em-1o-de-maio\/#article","isPartOf":{"@id":"https:\/\/siavs.com.br\/ultimos-dias-inscricoes-para-o-merito-abpa-de-pesquisa-aplicavel-se-encerram-em-1o-de-maio\/"},"author":{"name":"amanda.gomes","@id":"https:\/\/siavs.com.br\/#\/schema\/person\/6f4a0972346d708cbc7b498fecc0d918"},"headline":"\u00daltimos dias: inscri\u00e7\u00f5es para o m\u00e9rito ABPA de pesquisa aplic\u00e1vel se encerram em 1\u00ba de maio","datePublished":"2026-04-27T16:47:23+00:00","dateModified":"2026-04-27T16:47:23+00:00","mainEntityOfPage":{"@id":"https:\/\/siavs.com.br\/ultimos-dias-inscricoes-para-o-merito-abpa-de-pesquisa-aplicavel-se-encerram-em-1o-de-maio\/"},"wordCount":399,"commentCount":0,"publisher":{"@id":"https:\/\/siavs.com.br\/#organization"},"image":{"@id":"https:\/\/siavs.com.br\/ultimos-dias-inscricoes-para-o-merito-abpa-de-pesquisa-aplicavel-se-encerram-em-1o-de-maio\/#primaryimage"},"thumbnailUrl":"https:\/\/siavs.com.br\/wp-content\/uploads\/2026\/04\/20260421_135100-scaled.jpg","articleSection":["SIAVS 2026"],"inLanguage":"en-US","potentialAction":[{"@type":"CommentAction","name":"Comment","target":["https:\/\/siavs.com.br\/ultimos-dias-inscricoes-para-o-merito-abpa-de-pesquisa-aplicavel-se-encerram-em-1o-de-maio\/#respond"]}]},{"@type":"WebPage","@id":"https:\/\/siavs.com.br\/ultimos-dias-inscricoes-para-o-merito-abpa-de-pesquisa-aplicavel-se-encerram-em-1o-de-maio\/","url":"https:\/\/siavs.com.br\/ultimos-dias-inscricoes-para-o-merito-abpa-de-pesquisa-aplicavel-se-encerram-em-1o-de-maio\/","name":"Last days: registrations for the ABPA applied research merit award close on May 1st - SIAVS","isPartOf":{"@id":"https:\/\/siavs.com.br\/#website"},"primaryImageOfPage":{"@id":"https:\/\/siavs.com.br\/ultimos-dias-inscricoes-para-o-merito-abpa-de-pesquisa-aplicavel-se-encerram-em-1o-de-maio\/#primaryimage"},"image":{"@id":"https:\/\/siavs.com.br\/ultimos-dias-inscricoes-para-o-merito-abpa-de-pesquisa-aplicavel-se-encerram-em-1o-de-maio\/#primaryimage"},"thumbnailUrl":"https:\/\/siavs.com.br\/wp-content\/uploads\/2026\/04\/20260421_135100-scaled.jpg","datePublished":"2026-04-27T16:47:23+00:00","dateModified":"2026-04-27T16:47:23+00:00","breadcrumb":{"@id":"https:\/\/siavs.com.br\/ultimos-dias-inscricoes-para-o-merito-abpa-de-pesquisa-aplicavel-se-encerram-em-1o-de-maio\/#breadcrumb"},"inLanguage":"en-US","potentialAction":[{"@type":"ReadAction","target":["https:\/\/siavs.com.br\/ultimos-dias-inscricoes-para-o-merito-abpa-de-pesquisa-aplicavel-se-encerram-em-1o-de-maio\/"]}]},{"@type":"ImageObject","inLanguage":"en-US","@id":"https:\/\/siavs.com.br\/ultimos-dias-inscricoes-para-o-merito-abpa-de-pesquisa-aplicavel-se-encerram-em-1o-de-maio\/#primaryimage","url":"https:\/\/siavs.com.br\/wp-content\/uploads\/2026\/04\/20260421_135100-scaled.jpg","contentUrl":"https:\/\/siavs.com.br\/wp-content\/uploads\/2026\/04\/20260421_135100-scaled.jpg","width":2560,"height":1441},{"@type":"BreadcrumbList","@id":"https:\/\/siavs.com.br\/ultimos-dias-inscricoes-para-o-merito-abpa-de-pesquisa-aplicavel-se-encerram-em-1o-de-maio\/#breadcrumb","itemListElement":[{"@type":"ListItem","position":1,"name":"In\u00edcio","item":"https:\/\/siavs.com.br\/"},{"@type":"ListItem","position":2,"name":"\u00daltimos dias: inscri\u00e7\u00f5es para o m\u00e9rito ABPA de pesquisa aplic\u00e1vel se encerram em 1\u00ba de maio"}]},{"@type":"WebSite","@id":"https:\/\/siavs.com.br\/#website","url":"https:\/\/siavs.com.br\/","name":"SIAVS","description":"","publisher":{"@id":"https:\/\/siavs.com.br\/#organization"},"potentialAction":[{"@type":"SearchAction","target":{"@type":"EntryPoint","urlTemplate":"https:\/\/siavs.com.br\/?s={search_term_string}"},"query-input":"required name=search_term_string"}],"inLanguage":"en-US"},{"@type":"Organization","@id":"https:\/\/siavs.com.br\/#organization","name":"SIAVS","url":"https:\/\/siavs.com.br\/","logo":{"@type":"ImageObject","inLanguage":"en-US","@id":"https:\/\/siavs.com.br\/#\/schema\/logo\/image\/","url":"https:\/\/siavs.com.br\/wp-content\/uploads\/2024\/01\/logo-siavs-v.svg","contentUrl":"https:\/\/siavs.com.br\/wp-content\/uploads\/2024\/01\/logo-siavs-v.svg","width":500,"height":600,"caption":"SIAVS"},"image":{"@id":"https:\/\/siavs.com.br\/#\/schema\/logo\/image\/"},"sameAs":["https:\/\/www.linkedin.com\/company\/siavs\/","https:\/\/x.com\/Siavsbr","https:\/\/www.instagram.com\/siavsbr\/"]},{"@type":"Person","@id":"https:\/\/siavs.com.br\/#\/schema\/person\/6f4a0972346d708cbc7b498fecc0d918","name":"Amanda Gomes","image":{"@type":"ImageObject","inLanguage":"en-US","@id":"https:\/\/siavs.com.br\/#\/schema\/person\/image\/","url":"https:\/\/secure.gravatar.com\/avatar\/6abe86c0e95c472c43f916ce3e6112df?s=96&d=mm&r=g","contentUrl":"https:\/\/secure.gravatar.com\/avatar\/6abe86c0e95c472c43f916ce3e6112df?s=96&d=mm&r=g","caption":"amanda.gomes"},"url":"https:\/\/siavs.com.br\/en\/author\/amanda-gomes\/"}]}},"_links":{"self":[{"href":"https:\/\/siavs.com.br\/en\/wp-json\/wp\/v2\/posts\/5811"}],"collection":[{"href":"https:\/\/siavs.com.br\/en\/wp-json\/wp\/v2\/posts"}],"about":[{"href":"https:\/\/siavs.com.br\/en\/wp-json\/wp\/v2\/types\/post"}],"author":[{"embeddable":true,"href":"https:\/\/siavs.com.br\/en\/wp-json\/wp\/v2\/users\/4"}],"replies":[{"embeddable":true,"href":"https:\/\/siavs.com.br\/en\/wp-json\/wp\/v2\/comments?post=5811"}],"version-history":[{"count":1,"href":"https:\/\/siavs.com.br\/en\/wp-json\/wp\/v2\/posts\/5811\/revisions"}],"predecessor-version":[{"id":5813,"href":"https:\/\/siavs.com.br\/en\/wp-json\/wp\/v2\/posts\/5811\/revisions\/5813"}],"wp:featuredmedia":[{"embeddable":true,"href":"https:\/\/siavs.com.br\/en\/wp-json\/wp\/v2\/media\/5812"}],"wp:attachment":[{"href":"https:\/\/siavs.com.br\/en\/wp-json\/wp\/v2\/media?parent=5811"}],"wp:term":[{"taxonomy":"category","embeddable":true,"href":"https:\/\/siavs.com.br\/en\/wp-json\/wp\/v2\/categories?post=5811"},{"taxonomy":"post_tag","embeddable":true,"href":"https:\/\/siavs.com.br\/en\/wp-json\/wp\/v2\/tags?post=5811"}],"curies":[{"name":"wp","href":"https:\/\/api.w.org\/{rel}","templated":true}]}}