{"id":5529,"date":"2026-04-28T09:00:29","date_gmt":"2026-04-28T12:00:29","guid":{"rendered":"https:\/\/siavs.com.br\/?p=5529"},"modified":"2026-04-16T11:54:22","modified_gmt":"2026-04-16T14:54:22","slug":"poultry-and-swine-genetics-gain-prominence-at-siavs-2026-as-the-basis-of-production-efficiency","status":"publish","type":"post","link":"https:\/\/siavs.com.br\/en\/genetica-avicola-e-suina-ganha-destaque-no-siavs-2026-como-base-da-eficiencia-produtiva\/","title":{"rendered":"Poultry and swine genetics gains prominence at SIAVS 2026 as the basis for productive efficiency"},"content":{"rendered":"<p><em>Improvement solutions boost production performance, standardization, and competitiveness<\/em><\/p>\n<p><strong>S\u00e3o Paulo, April 28, 2026 \u2013<\/strong> The genetic basis of animal protein production will be highlighted at the International Animal Protein Show (SIAVS 2026), which will be held from August 4 to 6, at the Anhembi District in S\u00e3o Paulo (SP). With the presence of companies specializing in poultry and swine genetics, the event will showcase solutions that support gains in productivity and quality throughout the chain.<\/p>\n<p>Companies in the segment are involved in the development of lineages and the supply of high-performance genetic material, focusing on characteristics such as weight gain, feed conversion, lot uniformity, and industrial yield. These advancements have a direct impact on the efficiency of production systems and the competitiveness of agribusinesses.<\/p>\n<p>At SIAVS, the topic will be addressed in an applied manner, connected to other areas of the chain. Genetics integrates with nutrition, health, and management strategies, forming the technical foundation that supports productive performance and the standardization required by markets.<\/p>\n<p>Highlights include continuous improvement programs, data-driven selection, and technologies focused on consistency of results at scale. Genetic advancement has enabled more efficient production cycles and greater predictability in operations.<\/p>\n<p>The presence of these companies reinforces the technical nature of the event and expands opportunities for interaction between genetics suppliers, producers, and agribusinesses, focusing on practical application and decision-making.<\/p>\n<p>\u201cGenetics are the starting point for productive efficiency. Consistent gains in performance and quality are structured from it throughout the entire chain,\u201d highlights ABPA President Ricardo Santin.<\/p>\n<p>In addition to the fair, the event will feature a technical program that will include topics related to production efficiency, innovation, and trends for animal production.<\/p>\n<p>The SIAVS 2026 will span 45,000 square meters, a 65% growth% compared to the previous edition, and is expected to bring together hundreds of exhibiting companies and visitors from over 60 countries.<\/p>\n<p>Learn more at <a href=\"https:\/\/siavs.com.br\/en\/\">www.siavs.com.br<\/a>.<\/p>\n<p><strong>AGENDA:<br \/>\n<\/strong>International Poultry and Swine Show - SIAVS<br \/>\nDate: August 4-6, 2026<br \/>\nLocation: Anhembi District \u2013 S\u00e3o Paulo \u2013 Brazil \u2013 Av. Olavo Fontoura, 1209<br \/>\nFair hours: 10 AM to 7 PM (days 04 and 05) and 10 AM to 5 PM (day 06)<\/p>","protected":false},"excerpt":{"rendered":"<p>Solu\u00e7\u00f5es de melhoramento impulsionam desempenho, padroniza\u00e7\u00e3o e competitividade da produ\u00e7\u00e3o S\u00e3o Paulo, 28 de abril de 2026 \u2013 A base gen\u00e9tica da produ\u00e7\u00e3o de prote\u00edna animal estar\u00e1 em evid\u00eancia no Sal\u00e3o Internacional de Prote\u00edna Animal (SIAVS 2026), que ser\u00e1 realizado de 4 a 6 de agosto, no Distrito Anhembi, em S\u00e3o Paulo (SP). Com presen\u00e7a [&hellip;]<\/p>\n","protected":false},"author":4,"featured_media":4683,"comment_status":"open","ping_status":"open","sticky":false,"template":"","format":"standard","meta":{"footnotes":""},"categories":[78],"tags":[],"yoast_head":"<!-- This site is optimized with the Yoast SEO plugin v22.5 - https:\/\/yoast.com\/wordpress\/plugins\/seo\/ -->\n<title>Gen\u00e9tica av\u00edcola e su\u00edna ganha destaque no SIAVS 2026 como base da efici\u00eancia produtiva - SIAVS<\/title>\n<meta name=\"robots\" content=\"index, follow, max-snippet:-1, max-image-preview:large, max-video-preview:-1\" \/>\n<link rel=\"canonical\" href=\"https:\/\/siavs.com.br\/en\/poultry-and-swine-genetics-gain-prominence-at-siavs-2026-as-the-basis-of-production-efficiency\/\" \/>\n<meta property=\"og:locale\" content=\"en_US\" \/>\n<meta property=\"og:type\" content=\"article\" \/>\n<meta property=\"og:title\" content=\"Gen\u00e9tica av\u00edcola e su\u00edna ganha destaque no SIAVS 2026 como base da efici\u00eancia produtiva - SIAVS\" \/>\n<meta property=\"og:description\" content=\"Solu\u00e7\u00f5es de melhoramento impulsionam desempenho, padroniza\u00e7\u00e3o e competitividade da produ\u00e7\u00e3o S\u00e3o Paulo, 28 de abril de 2026 \u2013 A base gen\u00e9tica da produ\u00e7\u00e3o de prote\u00edna animal estar\u00e1 em evid\u00eancia no Sal\u00e3o Internacional de Prote\u00edna Animal (SIAVS 2026), que ser\u00e1 realizado de 4 a 6 de agosto, no Distrito Anhembi, em S\u00e3o Paulo (SP). Com presen\u00e7a [&hellip;]\" \/>\n<meta property=\"og:url\" content=\"https:\/\/siavs.com.br\/en\/poultry-and-swine-genetics-gain-prominence-at-siavs-2026-as-the-basis-of-production-efficiency\/\" \/>\n<meta property=\"og:site_name\" content=\"SIAVS\" \/>\n<meta property=\"article:publisher\" content=\"https:\/\/www.linkedin.com\/company\/siavs\/\" \/>\n<meta property=\"article:published_time\" content=\"2026-04-28T12:00:29+00:00\" \/>\n<meta property=\"article:modified_time\" content=\"2026-04-16T14:54:22+00:00\" \/>\n<meta property=\"og:image\" content=\"https:\/\/siavs.com.br\/wp-content\/uploads\/2025\/04\/2017-Feira-scaled.jpg\" \/>\n\t<meta property=\"og:image:width\" content=\"2560\" \/>\n\t<meta property=\"og:image:height\" content=\"1674\" \/>\n\t<meta property=\"og:image:type\" content=\"image\/jpeg\" \/>\n<meta name=\"author\" content=\"amanda.gomes\" \/>\n<meta name=\"twitter:card\" content=\"summary_large_image\" \/>\n<meta name=\"twitter:creator\" content=\"@Siavsbr\" \/>\n<meta name=\"twitter:site\" content=\"@Siavsbr\" \/>\n<meta name=\"twitter:label1\" content=\"Written by\" \/>\n\t<meta name=\"twitter:data1\" content=\"amanda.gomes\" \/>\n\t<meta name=\"twitter:label2\" content=\"Est. reading time\" \/>\n\t<meta name=\"twitter:data2\" content=\"3 minutes\" \/>\n<script type=\"application\/ld+json\" class=\"yoast-schema-graph\">{\"@context\":\"https:\/\/schema.org\",\"@graph\":[{\"@type\":\"Article\",\"@id\":\"https:\/\/siavs.com.br\/genetica-avicola-e-suina-ganha-destaque-no-siavs-2026-como-base-da-eficiencia-produtiva\/#article\",\"isPartOf\":{\"@id\":\"https:\/\/siavs.com.br\/genetica-avicola-e-suina-ganha-destaque-no-siavs-2026-como-base-da-eficiencia-produtiva\/\"},\"author\":{\"name\":\"amanda.gomes\",\"@id\":\"https:\/\/siavs.com.br\/#\/schema\/person\/6f4a0972346d708cbc7b498fecc0d918\"},\"headline\":\"Gen\u00e9tica av\u00edcola e su\u00edna ganha destaque no SIAVS 2026 como base da efici\u00eancia produtiva\",\"datePublished\":\"2026-04-28T12:00:29+00:00\",\"dateModified\":\"2026-04-16T14:54:22+00:00\",\"mainEntityOfPage\":{\"@id\":\"https:\/\/siavs.com.br\/genetica-avicola-e-suina-ganha-destaque-no-siavs-2026-como-base-da-eficiencia-produtiva\/\"},\"wordCount\":431,\"commentCount\":0,\"publisher\":{\"@id\":\"https:\/\/siavs.com.br\/#organization\"},\"image\":{\"@id\":\"https:\/\/siavs.com.br\/genetica-avicola-e-suina-ganha-destaque-no-siavs-2026-como-base-da-eficiencia-produtiva\/#primaryimage\"},\"thumbnailUrl\":\"https:\/\/siavs.com.br\/wp-content\/uploads\/2025\/04\/2017-Feira-scaled.jpg\",\"articleSection\":[\"SIAVS 2026\"],\"inLanguage\":\"en-US\",\"potentialAction\":[{\"@type\":\"CommentAction\",\"name\":\"Comment\",\"target\":[\"https:\/\/siavs.com.br\/genetica-avicola-e-suina-ganha-destaque-no-siavs-2026-como-base-da-eficiencia-produtiva\/#respond\"]}]},{\"@type\":\"WebPage\",\"@id\":\"https:\/\/siavs.com.br\/genetica-avicola-e-suina-ganha-destaque-no-siavs-2026-como-base-da-eficiencia-produtiva\/\",\"url\":\"https:\/\/siavs.com.br\/genetica-avicola-e-suina-ganha-destaque-no-siavs-2026-como-base-da-eficiencia-produtiva\/\",\"name\":\"Gen\u00e9tica av\u00edcola e su\u00edna ganha destaque no SIAVS 2026 como base da efici\u00eancia produtiva - SIAVS\",\"isPartOf\":{\"@id\":\"https:\/\/siavs.com.br\/#website\"},\"primaryImageOfPage\":{\"@id\":\"https:\/\/siavs.com.br\/genetica-avicola-e-suina-ganha-destaque-no-siavs-2026-como-base-da-eficiencia-produtiva\/#primaryimage\"},\"image\":{\"@id\":\"https:\/\/siavs.com.br\/genetica-avicola-e-suina-ganha-destaque-no-siavs-2026-como-base-da-eficiencia-produtiva\/#primaryimage\"},\"thumbnailUrl\":\"https:\/\/siavs.com.br\/wp-content\/uploads\/2025\/04\/2017-Feira-scaled.jpg\",\"datePublished\":\"2026-04-28T12:00:29+00:00\",\"dateModified\":\"2026-04-16T14:54:22+00:00\",\"breadcrumb\":{\"@id\":\"https:\/\/siavs.com.br\/genetica-avicola-e-suina-ganha-destaque-no-siavs-2026-como-base-da-eficiencia-produtiva\/#breadcrumb\"},\"inLanguage\":\"en-US\",\"potentialAction\":[{\"@type\":\"ReadAction\",\"target\":[\"https:\/\/siavs.com.br\/genetica-avicola-e-suina-ganha-destaque-no-siavs-2026-como-base-da-eficiencia-produtiva\/\"]}]},{\"@type\":\"ImageObject\",\"inLanguage\":\"en-US\",\"@id\":\"https:\/\/siavs.com.br\/genetica-avicola-e-suina-ganha-destaque-no-siavs-2026-como-base-da-eficiencia-produtiva\/#primaryimage\",\"url\":\"https:\/\/siavs.com.br\/wp-content\/uploads\/2025\/04\/2017-Feira-scaled.jpg\",\"contentUrl\":\"https:\/\/siavs.com.br\/wp-content\/uploads\/2025\/04\/2017-Feira-scaled.jpg\",\"width\":2560,\"height\":1674},{\"@type\":\"BreadcrumbList\",\"@id\":\"https:\/\/siavs.com.br\/genetica-avicola-e-suina-ganha-destaque-no-siavs-2026-como-base-da-eficiencia-produtiva\/#breadcrumb\",\"itemListElement\":[{\"@type\":\"ListItem\",\"position\":1,\"name\":\"In\u00edcio\",\"item\":\"https:\/\/siavs.com.br\/\"},{\"@type\":\"ListItem\",\"position\":2,\"name\":\"Gen\u00e9tica av\u00edcola e su\u00edna ganha destaque no SIAVS 2026 como base da efici\u00eancia produtiva\"}]},{\"@type\":\"WebSite\",\"@id\":\"https:\/\/siavs.com.br\/#website\",\"url\":\"https:\/\/siavs.com.br\/\",\"name\":\"SIAVS\",\"description\":\"\",\"publisher\":{\"@id\":\"https:\/\/siavs.com.br\/#organization\"},\"potentialAction\":[{\"@type\":\"SearchAction\",\"target\":{\"@type\":\"EntryPoint\",\"urlTemplate\":\"https:\/\/siavs.com.br\/?s={search_term_string}\"},\"query-input\":\"required name=search_term_string\"}],\"inLanguage\":\"en-US\"},{\"@type\":\"Organization\",\"@id\":\"https:\/\/siavs.com.br\/#organization\",\"name\":\"SIAVS\",\"url\":\"https:\/\/siavs.com.br\/\",\"logo\":{\"@type\":\"ImageObject\",\"inLanguage\":\"en-US\",\"@id\":\"https:\/\/siavs.com.br\/#\/schema\/logo\/image\/\",\"url\":\"https:\/\/siavs.com.br\/wp-content\/uploads\/2024\/01\/logo-siavs-v.svg\",\"contentUrl\":\"https:\/\/siavs.com.br\/wp-content\/uploads\/2024\/01\/logo-siavs-v.svg\",\"width\":500,\"height\":600,\"caption\":\"SIAVS\"},\"image\":{\"@id\":\"https:\/\/siavs.com.br\/#\/schema\/logo\/image\/\"},\"sameAs\":[\"https:\/\/www.linkedin.com\/company\/siavs\/\",\"https:\/\/x.com\/Siavsbr\",\"https:\/\/www.instagram.com\/siavsbr\/\"]},{\"@type\":\"Person\",\"@id\":\"https:\/\/siavs.com.br\/#\/schema\/person\/6f4a0972346d708cbc7b498fecc0d918\",\"name\":\"amanda.gomes\",\"image\":{\"@type\":\"ImageObject\",\"inLanguage\":\"en-US\",\"@id\":\"https:\/\/siavs.com.br\/#\/schema\/person\/image\/\",\"url\":\"https:\/\/secure.gravatar.com\/avatar\/6abe86c0e95c472c43f916ce3e6112df?s=96&d=mm&r=g\",\"contentUrl\":\"https:\/\/secure.gravatar.com\/avatar\/6abe86c0e95c472c43f916ce3e6112df?s=96&d=mm&r=g\",\"caption\":\"amanda.gomes\"},\"url\":\"https:\/\/siavs.com.br\/en\/author\/amanda-gomes\/\"}]}<\/script>\n<!-- \/ Yoast SEO plugin. -->","yoast_head_json":{"title":"Gen\u00e9tica av\u00edcola e su\u00edna ganha destaque no SIAVS 2026 como base da efici\u00eancia produtiva - SIAVS","robots":{"index":"index","follow":"follow","max-snippet":"max-snippet:-1","max-image-preview":"max-image-preview:large","max-video-preview":"max-video-preview:-1"},"canonical":"https:\/\/siavs.com.br\/en\/poultry-and-swine-genetics-gain-prominence-at-siavs-2026-as-the-basis-of-production-efficiency\/","og_locale":"en_US","og_type":"article","og_title":"Gen\u00e9tica av\u00edcola e su\u00edna ganha destaque no SIAVS 2026 como base da efici\u00eancia produtiva - SIAVS","og_description":"Solu\u00e7\u00f5es de melhoramento impulsionam desempenho, padroniza\u00e7\u00e3o e competitividade da produ\u00e7\u00e3o S\u00e3o Paulo, 28 de abril de 2026 \u2013 A base gen\u00e9tica da produ\u00e7\u00e3o de prote\u00edna animal estar\u00e1 em evid\u00eancia no Sal\u00e3o Internacional de Prote\u00edna Animal (SIAVS 2026), que ser\u00e1 realizado de 4 a 6 de agosto, no Distrito Anhembi, em S\u00e3o Paulo (SP). Com presen\u00e7a [&hellip;]","og_url":"https:\/\/siavs.com.br\/en\/poultry-and-swine-genetics-gain-prominence-at-siavs-2026-as-the-basis-of-production-efficiency\/","og_site_name":"SIAVS","article_publisher":"https:\/\/www.linkedin.com\/company\/siavs\/","article_published_time":"2026-04-28T12:00:29+00:00","article_modified_time":"2026-04-16T14:54:22+00:00","og_image":[{"width":2560,"height":1674,"url":"https:\/\/siavs.com.br\/wp-content\/uploads\/2025\/04\/2017-Feira-scaled.jpg","type":"image\/jpeg"}],"author":"amanda.gomes","twitter_card":"summary_large_image","twitter_creator":"@Siavsbr","twitter_site":"@Siavsbr","twitter_misc":{"Written by":"amanda.gomes","Est. reading time":"3 minutes"},"schema":{"@context":"https:\/\/schema.org","@graph":[{"@type":"Article","@id":"https:\/\/siavs.com.br\/genetica-avicola-e-suina-ganha-destaque-no-siavs-2026-como-base-da-eficiencia-produtiva\/#article","isPartOf":{"@id":"https:\/\/siavs.com.br\/genetica-avicola-e-suina-ganha-destaque-no-siavs-2026-como-base-da-eficiencia-produtiva\/"},"author":{"name":"amanda.gomes","@id":"https:\/\/siavs.com.br\/#\/schema\/person\/6f4a0972346d708cbc7b498fecc0d918"},"headline":"Gen\u00e9tica av\u00edcola e su\u00edna ganha destaque no SIAVS 2026 como base da efici\u00eancia produtiva","datePublished":"2026-04-28T12:00:29+00:00","dateModified":"2026-04-16T14:54:22+00:00","mainEntityOfPage":{"@id":"https:\/\/siavs.com.br\/genetica-avicola-e-suina-ganha-destaque-no-siavs-2026-como-base-da-eficiencia-produtiva\/"},"wordCount":431,"commentCount":0,"publisher":{"@id":"https:\/\/siavs.com.br\/#organization"},"image":{"@id":"https:\/\/siavs.com.br\/genetica-avicola-e-suina-ganha-destaque-no-siavs-2026-como-base-da-eficiencia-produtiva\/#primaryimage"},"thumbnailUrl":"https:\/\/siavs.com.br\/wp-content\/uploads\/2025\/04\/2017-Feira-scaled.jpg","articleSection":["SIAVS 2026"],"inLanguage":"en-US","potentialAction":[{"@type":"CommentAction","name":"Comment","target":["https:\/\/siavs.com.br\/genetica-avicola-e-suina-ganha-destaque-no-siavs-2026-como-base-da-eficiencia-produtiva\/#respond"]}]},{"@type":"WebPage","@id":"https:\/\/siavs.com.br\/genetica-avicola-e-suina-ganha-destaque-no-siavs-2026-como-base-da-eficiencia-produtiva\/","url":"https:\/\/siavs.com.br\/genetica-avicola-e-suina-ganha-destaque-no-siavs-2026-como-base-da-eficiencia-produtiva\/","name":"Gen\u00e9tica av\u00edcola e su\u00edna ganha destaque no SIAVS 2026 como base da efici\u00eancia produtiva - SIAVS","isPartOf":{"@id":"https:\/\/siavs.com.br\/#website"},"primaryImageOfPage":{"@id":"https:\/\/siavs.com.br\/genetica-avicola-e-suina-ganha-destaque-no-siavs-2026-como-base-da-eficiencia-produtiva\/#primaryimage"},"image":{"@id":"https:\/\/siavs.com.br\/genetica-avicola-e-suina-ganha-destaque-no-siavs-2026-como-base-da-eficiencia-produtiva\/#primaryimage"},"thumbnailUrl":"https:\/\/siavs.com.br\/wp-content\/uploads\/2025\/04\/2017-Feira-scaled.jpg","datePublished":"2026-04-28T12:00:29+00:00","dateModified":"2026-04-16T14:54:22+00:00","breadcrumb":{"@id":"https:\/\/siavs.com.br\/genetica-avicola-e-suina-ganha-destaque-no-siavs-2026-como-base-da-eficiencia-produtiva\/#breadcrumb"},"inLanguage":"en-US","potentialAction":[{"@type":"ReadAction","target":["https:\/\/siavs.com.br\/genetica-avicola-e-suina-ganha-destaque-no-siavs-2026-como-base-da-eficiencia-produtiva\/"]}]},{"@type":"ImageObject","inLanguage":"en-US","@id":"https:\/\/siavs.com.br\/genetica-avicola-e-suina-ganha-destaque-no-siavs-2026-como-base-da-eficiencia-produtiva\/#primaryimage","url":"https:\/\/siavs.com.br\/wp-content\/uploads\/2025\/04\/2017-Feira-scaled.jpg","contentUrl":"https:\/\/siavs.com.br\/wp-content\/uploads\/2025\/04\/2017-Feira-scaled.jpg","width":2560,"height":1674},{"@type":"BreadcrumbList","@id":"https:\/\/siavs.com.br\/genetica-avicola-e-suina-ganha-destaque-no-siavs-2026-como-base-da-eficiencia-produtiva\/#breadcrumb","itemListElement":[{"@type":"ListItem","position":1,"name":"In\u00edcio","item":"https:\/\/siavs.com.br\/"},{"@type":"ListItem","position":2,"name":"Gen\u00e9tica av\u00edcola e su\u00edna ganha destaque no SIAVS 2026 como base da efici\u00eancia produtiva"}]},{"@type":"WebSite","@id":"https:\/\/siavs.com.br\/#website","url":"https:\/\/siavs.com.br\/","name":"SIAVS","description":"","publisher":{"@id":"https:\/\/siavs.com.br\/#organization"},"potentialAction":[{"@type":"SearchAction","target":{"@type":"EntryPoint","urlTemplate":"https:\/\/siavs.com.br\/?s={search_term_string}"},"query-input":"required name=search_term_string"}],"inLanguage":"en-US"},{"@type":"Organization","@id":"https:\/\/siavs.com.br\/#organization","name":"SIAVS","url":"https:\/\/siavs.com.br\/","logo":{"@type":"ImageObject","inLanguage":"en-US","@id":"https:\/\/siavs.com.br\/#\/schema\/logo\/image\/","url":"https:\/\/siavs.com.br\/wp-content\/uploads\/2024\/01\/logo-siavs-v.svg","contentUrl":"https:\/\/siavs.com.br\/wp-content\/uploads\/2024\/01\/logo-siavs-v.svg","width":500,"height":600,"caption":"SIAVS"},"image":{"@id":"https:\/\/siavs.com.br\/#\/schema\/logo\/image\/"},"sameAs":["https:\/\/www.linkedin.com\/company\/siavs\/","https:\/\/x.com\/Siavsbr","https:\/\/www.instagram.com\/siavsbr\/"]},{"@type":"Person","@id":"https:\/\/siavs.com.br\/#\/schema\/person\/6f4a0972346d708cbc7b498fecc0d918","name":"Amanda Gomes","image":{"@type":"ImageObject","inLanguage":"en-US","@id":"https:\/\/siavs.com.br\/#\/schema\/person\/image\/","url":"https:\/\/secure.gravatar.com\/avatar\/6abe86c0e95c472c43f916ce3e6112df?s=96&d=mm&r=g","contentUrl":"https:\/\/secure.gravatar.com\/avatar\/6abe86c0e95c472c43f916ce3e6112df?s=96&d=mm&r=g","caption":"amanda.gomes"},"url":"https:\/\/siavs.com.br\/en\/author\/amanda-gomes\/"}]}},"_links":{"self":[{"href":"https:\/\/siavs.com.br\/en\/wp-json\/wp\/v2\/posts\/5529"}],"collection":[{"href":"https:\/\/siavs.com.br\/en\/wp-json\/wp\/v2\/posts"}],"about":[{"href":"https:\/\/siavs.com.br\/en\/wp-json\/wp\/v2\/types\/post"}],"author":[{"embeddable":true,"href":"https:\/\/siavs.com.br\/en\/wp-json\/wp\/v2\/users\/4"}],"replies":[{"embeddable":true,"href":"https:\/\/siavs.com.br\/en\/wp-json\/wp\/v2\/comments?post=5529"}],"version-history":[{"count":1,"href":"https:\/\/siavs.com.br\/en\/wp-json\/wp\/v2\/posts\/5529\/revisions"}],"predecessor-version":[{"id":5530,"href":"https:\/\/siavs.com.br\/en\/wp-json\/wp\/v2\/posts\/5529\/revisions\/5530"}],"wp:featuredmedia":[{"embeddable":true,"href":"https:\/\/siavs.com.br\/en\/wp-json\/wp\/v2\/media\/4683"}],"wp:attachment":[{"href":"https:\/\/siavs.com.br\/en\/wp-json\/wp\/v2\/media?parent=5529"}],"wp:term":[{"taxonomy":"category","embeddable":true,"href":"https:\/\/siavs.com.br\/en\/wp-json\/wp\/v2\/categories?post=5529"},{"taxonomy":"post_tag","embeddable":true,"href":"https:\/\/siavs.com.br\/en\/wp-json\/wp\/v2\/tags?post=5529"}],"curies":[{"name":"wp","href":"https:\/\/api.w.org\/{rel}","templated":true}]}}